{"id":10259,"date":"2019-09-29T22:35:22","date_gmt":"2019-09-29T20:35:22","guid":{"rendered":"http:\/\/soeurs-de-la-presentation-de-marie.org\/pom\/?p=10204"},"modified":"2019-10-02T10:08:50","modified_gmt":"2019-10-02T08:08:50","slug":"maison-general-castel-gandolfo","status":"publish","type":"post","link":"https:\/\/soeurs-de-la-presentation-de-marie.org\/pom\/maison-general-castel-gandolfo\/","title":{"rendered":"Maison g\u00e9n\u00e9rale, Castel Gandolfo"},"content":{"rendered":"<h3 style=\"text-align: center;\"><strong>Ouverture du Jubil\u00e9 d\u2019or&nbsp;<\/strong><strong>de profession religieuse de<\/strong><\/h3>\n<h3 style=\"text-align: center;\"><strong>M\u00e8re Maria dos Anjos Alves<\/strong><\/h3>\n<p>&nbsp;<\/p>\n<p>Le 29 septembre 2019, \u00e0 Castel Gandolfo, nous avons soulign\u00e9 solennellement&nbsp;l\u2019ouverture de l\u2019ann\u00e9e jubilaire de M\u00e8re Maria dos Anjos.&nbsp;La messe fut c\u00e9l\u00e9br\u00e9e \u00e0 la maison par le P. Agostinho Maholele, s.s.s.&nbsp;Un repas festif nous a rassembl\u00e9es dans la joie et le partage.&nbsp;La c\u00e9l\u00e9bration des V\u00eapres fut particuli\u00e8rement soign\u00e9e, avec l\u2019annonce de la f\u00eate,&nbsp;les chants, la danse, l\u2019encens, les cierges et la menora.&nbsp; Nous y avons rappel\u00e9 les dates&nbsp;signifiantes de la vie de M\u00e8re Maria dos Anjos : naissance, bapt\u00eame et les diverses&nbsp;\u00e9tapes de sa vie religieuse.&nbsp; Nous continuerons de prier pour elle \u00e0 chaque 29 du mois.<\/p>\n<p style=\"text-align: center;\"><em>\u00ab&nbsp;Vous ferez de la cinquanti\u00e8me ann\u00e9e une ann\u00e9e sainte\u2026&nbsp;\u00bb (Lv 25, 10)<\/em><\/p>\nngg_shortcode_0_placeholder\n","protected":false},"excerpt":{"rendered":"<p>Ouverture du Jubil\u00e9 d\u2019or&nbsp;de profession religieuse de M\u00e8re Maria dos Anjos Alves &nbsp; Le 29 septembre 2019, \u00e0 Castel Gandolfo, nous avons soulign\u00e9 solennellement&nbsp;l\u2019ouverture de l\u2019ann\u00e9e jubilaire de M\u00e8re Maria dos Anjos.&nbsp;La messe fut c\u00e9l\u00e9br\u00e9e \u00e0 la maison par le P. Agostinho Maholele, s.s.s.&nbsp;Un repas festif nous a rassembl\u00e9es dans la joie et le partage.&nbsp;La [&hellip;]<\/p>\n","protected":false},"author":6,"featured_media":10278,"comment_status":"closed","ping_status":"closed","sticky":false,"template":"","format":"standard","meta":{"ngg_post_thumbnail":0,"footnotes":""},"categories":[609],"tags":[],"lang":"es","translations":{"es":10259,"fr":10204},"pll_sync_post":{"fr":true,"es":true},"_links":{"self":[{"href":"https:\/\/soeurs-de-la-presentation-de-marie.org\/pom\/wp-json\/wp\/v2\/posts\/10259"}],"collection":[{"href":"https:\/\/soeurs-de-la-presentation-de-marie.org\/pom\/wp-json\/wp\/v2\/posts"}],"about":[{"href":"https:\/\/soeurs-de-la-presentation-de-marie.org\/pom\/wp-json\/wp\/v2\/types\/post"}],"author":[{"embeddable":true,"href":"https:\/\/soeurs-de-la-presentation-de-marie.org\/pom\/wp-json\/wp\/v2\/users\/6"}],"replies":[{"embeddable":true,"href":"https:\/\/soeurs-de-la-presentation-de-marie.org\/pom\/wp-json\/wp\/v2\/comments?post=10259"}],"version-history":[{"count":2,"href":"https:\/\/soeurs-de-la-presentation-de-marie.org\/pom\/wp-json\/wp\/v2\/posts\/10259\/revisions"}],"predecessor-version":[{"id":10282,"href":"https:\/\/soeurs-de-la-presentation-de-marie.org\/pom\/wp-json\/wp\/v2\/posts\/10259\/revisions\/10282"}],"wp:featuredmedia":[{"embeddable":true,"href":"https:\/\/soeurs-de-la-presentation-de-marie.org\/pom\/wp-json\/wp\/v2\/media\/10278"}],"wp:attachment":[{"href":"https:\/\/soeurs-de-la-presentation-de-marie.org\/pom\/wp-json\/wp\/v2\/media?parent=10259"}],"wp:term":[{"taxonomy":"category","embeddable":true,"href":"https:\/\/soeurs-de-la-presentation-de-marie.org\/pom\/wp-json\/wp\/v2\/categories?post=10259"},{"taxonomy":"post_tag","embeddable":true,"href":"https:\/\/soeurs-de-la-presentation-de-marie.org\/pom\/wp-json\/wp\/v2\/tags?post=10259"}],"curies":[{"name":"wp","href":"https:\/\/api.w.org\/{rel}","templated":true}]}}