{"id":10297,"date":"2019-10-04T21:59:46","date_gmt":"2019-10-04T19:59:46","guid":{"rendered":"http:\/\/soeurs-de-la-presentation-de-marie.org\/pom\/?p=10297"},"modified":"2019-10-04T21:59:46","modified_gmt":"2019-10-04T19:59:46","slug":"casa-geral-castel-gandolfo","status":"publish","type":"post","link":"https:\/\/soeurs-de-la-presentation-de-marie.org\/pom\/casa-geral-castel-gandolfo\/","title":{"rendered":"Casa geral, Castel Gandolfo"},"content":{"rendered":"<h3 style=\"text-align: center;\">Abertura do Jubileu de Ouro de profiss\u00e3o religiosa da<br \/>\nMadre Maria dos Anjos Alves<\/h3>\n<p>Aos&nbsp; 29 de setembro de 2019, a comunidade de Castel Gandolfo, sublinhou solenemente a abertura do Ano Jubilar da Madre Maria dos Anjos.<br \/>\nA Missa foi celebrada em casa pelo P. Agostinho Maholele, s.s.s.<br \/>\nUma refei\u00e7\u00e3o festiva reuniu-nos na alegria e na partilha.<br \/>\nA celebra\u00e7\u00e3o das V\u00e9speras foi particularmente bem solenizada com o an\u00fancio da celebra\u00e7\u00e3o, as can\u00e7\u00f5es, as dan\u00e7as, o incenso, as velas e a menor\u00e1.&nbsp; Record\u00e1mos as datas significantes da vida da Madre Maria dos Anjos: nascimento, batismo e as v\u00e1rias etapas da sua vida religiosa.&nbsp;<\/p>\n<p>Continuaremos a rezar pela Madre de modo especial no dia 29 de cada m\u00eas em&nbsp; mem\u00f3ria do dia da sua profiss\u00e3o.<\/p>\n<p style=\"text-align: center;\">\n<strong>&#8220;Far\u00e1s do quinquag\u00e9simo ano um ano santo&#8230;&#8221;<\/strong> (Lv 25, 10)<\/p>\nngg_shortcode_0_placeholder\n","protected":false},"excerpt":{"rendered":"<p>Abertura do Jubileu de Ouro de profiss\u00e3o religiosa da Madre Maria dos Anjos Alves Aos&nbsp; 29 de setembro de 2019, a comunidade de Castel Gandolfo, sublinhou solenemente a abertura do Ano Jubilar da Madre Maria dos Anjos. A Missa foi celebrada em casa pelo P. Agostinho Maholele, s.s.s. Uma refei\u00e7\u00e3o festiva reuniu-nos na alegria e [&hellip;]<\/p>\n","protected":false},"author":6,"featured_media":10277,"comment_status":"closed","ping_status":"closed","sticky":false,"template":"","format":"standard","meta":{"ngg_post_thumbnail":0,"footnotes":""},"categories":[606],"tags":[],"lang":"pt","translations":{"pt":10297},"pll_sync_post":[],"_links":{"self":[{"href":"https:\/\/soeurs-de-la-presentation-de-marie.org\/pom\/wp-json\/wp\/v2\/posts\/10297"}],"collection":[{"href":"https:\/\/soeurs-de-la-presentation-de-marie.org\/pom\/wp-json\/wp\/v2\/posts"}],"about":[{"href":"https:\/\/soeurs-de-la-presentation-de-marie.org\/pom\/wp-json\/wp\/v2\/types\/post"}],"author":[{"embeddable":true,"href":"https:\/\/soeurs-de-la-presentation-de-marie.org\/pom\/wp-json\/wp\/v2\/users\/6"}],"replies":[{"embeddable":true,"href":"https:\/\/soeurs-de-la-presentation-de-marie.org\/pom\/wp-json\/wp\/v2\/comments?post=10297"}],"version-history":[{"count":2,"href":"https:\/\/soeurs-de-la-presentation-de-marie.org\/pom\/wp-json\/wp\/v2\/posts\/10297\/revisions"}],"predecessor-version":[{"id":10299,"href":"https:\/\/soeurs-de-la-presentation-de-marie.org\/pom\/wp-json\/wp\/v2\/posts\/10297\/revisions\/10299"}],"wp:featuredmedia":[{"embeddable":true,"href":"https:\/\/soeurs-de-la-presentation-de-marie.org\/pom\/wp-json\/wp\/v2\/media\/10277"}],"wp:attachment":[{"href":"https:\/\/soeurs-de-la-presentation-de-marie.org\/pom\/wp-json\/wp\/v2\/media?parent=10297"}],"wp:term":[{"taxonomy":"category","embeddable":true,"href":"https:\/\/soeurs-de-la-presentation-de-marie.org\/pom\/wp-json\/wp\/v2\/categories?post=10297"},{"taxonomy":"post_tag","embeddable":true,"href":"https:\/\/soeurs-de-la-presentation-de-marie.org\/pom\/wp-json\/wp\/v2\/tags?post=10297"}],"curies":[{"name":"wp","href":"https:\/\/api.w.org\/{rel}","templated":true}]}}