{"id":10320,"date":"2019-10-13T20:40:35","date_gmt":"2019-10-13T18:40:35","guid":{"rendered":"http:\/\/soeurs-de-la-presentation-de-marie.org\/pom\/?p=10320"},"modified":"2019-10-13T20:40:35","modified_gmt":"2019-10-13T18:40:35","slug":"session-de-formation","status":"publish","type":"post","link":"https:\/\/soeurs-de-la-presentation-de-marie.org\/pom\/session-de-formation\/","title":{"rendered":"Session de Formation"},"content":{"rendered":"<h3 style=\"text-align: center;\">Session Internationale de Formation&#8230;.commencera bient\u00f4t !<\/h3>\n<p>Une session de formation internationale de nos formatrices PM d\u00e9butera bient\u00f4t au Centro Ad Gentes \u00e0 Nemi, en Italie. Les 32 participantes arriveront le 19 octobre pour vivre cette session de 3 semaines sur la formation PM aujourd&#8217;hui. Le th\u00e8me de la session renforce l&#8217;orientation du Chapitre g\u00e9n\u00e9ral&nbsp;: <strong>La formation, une priorit\u00e9&#8230; jusqu&#8217;\u00e0 ce que le Christ soit form\u00e9 en vous. (Galates 4 : 9)<\/strong><\/p>\n<p>L&#8217;\u00e9v\u00e9nement est organis\u00e9 par notre comit\u00e9 de formation dirig\u00e9e par M\u00e8re Maria dos Anjos Alves. Il y aura des conf\u00e9renciers dans diff\u00e9rents domaines de sp\u00e9cialisation, &nbsp;des partages en groupe ainsi que des discussions. Le groupe participera aussi dans l&#8217;audience g\u00e9n\u00e9rale avec le Pape Fran\u00e7ois le 30 octobre.<\/p>\n<p>Nous tenons \u00e0 remercier nos s\u0153urs qui ont \u00e9t\u00e9 impliqu\u00e9es dans les d\u00e9tails de l\u2019organisation de cette session et nous confions la f\u00e9condit\u00e9 de notre rencontre \u00e0 Dieu, \u00e0 Notre Dame et \u00e0 Marie Rivier. Nous comptons sur vos pri\u00e8res pendant ces jours de session&#8230; gardez-nous dans votre calendrier de pri\u00e8re : du 19 octobre au 11 novembre 2019.&nbsp; Suivez-nous sur notre site web international&nbsp;: <a href=\"https:\/\/soeurs-de-la-presentation-de-marie.org\/pom\/en\/home\/\">https:\/\/soeurs-de-la-presentation-de-marie.org\/pom\/en\/home\/<\/a> et sur notre page Facebook !<\/p>\n<p>ngg_shortcode_0_placeholderngg_shortcode_1_placeholder&nbsp;<\/p>\n<p>&nbsp;<\/p>\n","protected":false},"excerpt":{"rendered":"<p>Session Internationale de Formation&#8230;.commencera bient\u00f4t ! Une session de formation internationale de nos formatrices PM d\u00e9butera bient\u00f4t au Centro Ad Gentes \u00e0 Nemi, en Italie. Les 32 participantes arriveront le 19 octobre pour vivre cette session de 3 semaines sur la formation PM aujourd&#8217;hui. Le th\u00e8me de la session renforce l&#8217;orientation du Chapitre g\u00e9n\u00e9ral&nbsp;: La [&hellip;]<\/p>\n","protected":false},"author":6,"featured_media":9921,"comment_status":"closed","ping_status":"closed","sticky":false,"template":"","format":"standard","meta":{"ngg_post_thumbnail":0,"footnotes":""},"categories":[81],"tags":[],"lang":"fr","translations":{"fr":10320},"pll_sync_post":[],"_links":{"self":[{"href":"https:\/\/soeurs-de-la-presentation-de-marie.org\/pom\/wp-json\/wp\/v2\/posts\/10320"}],"collection":[{"href":"https:\/\/soeurs-de-la-presentation-de-marie.org\/pom\/wp-json\/wp\/v2\/posts"}],"about":[{"href":"https:\/\/soeurs-de-la-presentation-de-marie.org\/pom\/wp-json\/wp\/v2\/types\/post"}],"author":[{"embeddable":true,"href":"https:\/\/soeurs-de-la-presentation-de-marie.org\/pom\/wp-json\/wp\/v2\/users\/6"}],"replies":[{"embeddable":true,"href":"https:\/\/soeurs-de-la-presentation-de-marie.org\/pom\/wp-json\/wp\/v2\/comments?post=10320"}],"version-history":[{"count":1,"href":"https:\/\/soeurs-de-la-presentation-de-marie.org\/pom\/wp-json\/wp\/v2\/posts\/10320\/revisions"}],"predecessor-version":[{"id":10321,"href":"https:\/\/soeurs-de-la-presentation-de-marie.org\/pom\/wp-json\/wp\/v2\/posts\/10320\/revisions\/10321"}],"wp:featuredmedia":[{"embeddable":true,"href":"https:\/\/soeurs-de-la-presentation-de-marie.org\/pom\/wp-json\/wp\/v2\/media\/9921"}],"wp:attachment":[{"href":"https:\/\/soeurs-de-la-presentation-de-marie.org\/pom\/wp-json\/wp\/v2\/media?parent=10320"}],"wp:term":[{"taxonomy":"category","embeddable":true,"href":"https:\/\/soeurs-de-la-presentation-de-marie.org\/pom\/wp-json\/wp\/v2\/categories?post=10320"},{"taxonomy":"post_tag","embeddable":true,"href":"https:\/\/soeurs-de-la-presentation-de-marie.org\/pom\/wp-json\/wp\/v2\/tags?post=10320"}],"curies":[{"name":"wp","href":"https:\/\/api.w.org\/{rel}","templated":true}]}}