{"id":10323,"date":"2019-10-13T21:51:53","date_gmt":"2019-10-13T19:51:53","guid":{"rendered":"http:\/\/soeurs-de-la-presentation-de-marie.org\/pom\/?p=10323"},"modified":"2019-10-13T21:51:53","modified_gmt":"2019-10-13T19:51:53","slug":"sessao-de-formacao","status":"publish","type":"post","link":"https:\/\/soeurs-de-la-presentation-de-marie.org\/pom\/sessao-de-formacao\/","title":{"rendered":"Sess\u00e3o de Forma\u00e7\u00e3o"},"content":{"rendered":"<h3 style=\"text-align: center;\">Sess\u00e3o de Forma\u00e7\u00e3o Internacional&#8230;a chegar!<\/h3>\n<p>Uma sess\u00e3o de forma\u00e7\u00e3o internacional das nossas formadoras PM come\u00e7ar\u00e1 em breve no Centro Ad Gentes da SVD, em Nemi, Roma. &nbsp;Em breve os participantes estar\u00e3o chegando para participar das tr\u00eas semanas de sess\u00f5es sobre a forma\u00e7\u00e3o PM hoje. O tema da sess\u00e3o refor\u00e7a a orienta\u00e7\u00e3o do Cap\u00edtulo Geral, sobre a Forma\u00e7\u00e3o, uma prioridade&#8230; at\u00e9 que Cristo seja formado em v\u00f3s. (G\u00e1latas 4: 9)<\/p>\n<p>O evento \u00e9 organizado pela Comiss\u00e3o de Forma\u00e7\u00e3o liderada por Madre Maria dos Anjos Alves. Haver\u00e1 palestrantes em diferentes \u00e1reas de especializa\u00e7\u00e3o, partilha em grupo, discuss\u00e3o e haver\u00e1 oportunidade de participar na audi\u00eancia geral com o Papa Francisco.<\/p>\n<p>Gostar\u00edamos de agradecer \u00e0s nossas Irm\u00e3s que estiveram envolvidas nos detalhes de sua organiza\u00e7\u00e3o e confiamos a Deus, a Nossa Senhora e a Maria Rivier a fecundidade do nosso estar juntos. Contamos com a ora\u00e7\u00e3o de todas as Irm\u00e3s e amigos durante os dias das sess\u00f5es&#8230; Mantenha-nos no seu calend\u00e1rio de ora\u00e7\u00e3o: 19 de outubro &#8211; 11 de novembro de 2019, siga-nos no nosso site internacional e na p\u00e1gina do Facebook!<\/p>\n<p>ngg_shortcode_0_placeholderngg_shortcode_1_placeholder<\/p>\n","protected":false},"excerpt":{"rendered":"<p>Sess\u00e3o de Forma\u00e7\u00e3o Internacional&#8230;a chegar! Uma sess\u00e3o de forma\u00e7\u00e3o internacional das nossas formadoras PM come\u00e7ar\u00e1 em breve no Centro Ad Gentes da SVD, em Nemi, Roma. &nbsp;Em breve os participantes estar\u00e3o chegando para participar das tr\u00eas semanas de sess\u00f5es sobre a forma\u00e7\u00e3o PM hoje. O tema da sess\u00e3o refor\u00e7a a orienta\u00e7\u00e3o do Cap\u00edtulo Geral, sobre [&hellip;]<\/p>\n","protected":false},"author":6,"featured_media":9895,"comment_status":"closed","ping_status":"closed","sticky":false,"template":"","format":"standard","meta":{"ngg_post_thumbnail":0,"footnotes":""},"categories":[606],"tags":[],"lang":"pt","translations":{"pt":10323},"pll_sync_post":[],"_links":{"self":[{"href":"https:\/\/soeurs-de-la-presentation-de-marie.org\/pom\/wp-json\/wp\/v2\/posts\/10323"}],"collection":[{"href":"https:\/\/soeurs-de-la-presentation-de-marie.org\/pom\/wp-json\/wp\/v2\/posts"}],"about":[{"href":"https:\/\/soeurs-de-la-presentation-de-marie.org\/pom\/wp-json\/wp\/v2\/types\/post"}],"author":[{"embeddable":true,"href":"https:\/\/soeurs-de-la-presentation-de-marie.org\/pom\/wp-json\/wp\/v2\/users\/6"}],"replies":[{"embeddable":true,"href":"https:\/\/soeurs-de-la-presentation-de-marie.org\/pom\/wp-json\/wp\/v2\/comments?post=10323"}],"version-history":[{"count":2,"href":"https:\/\/soeurs-de-la-presentation-de-marie.org\/pom\/wp-json\/wp\/v2\/posts\/10323\/revisions"}],"predecessor-version":[{"id":10325,"href":"https:\/\/soeurs-de-la-presentation-de-marie.org\/pom\/wp-json\/wp\/v2\/posts\/10323\/revisions\/10325"}],"wp:featuredmedia":[{"embeddable":true,"href":"https:\/\/soeurs-de-la-presentation-de-marie.org\/pom\/wp-json\/wp\/v2\/media\/9895"}],"wp:attachment":[{"href":"https:\/\/soeurs-de-la-presentation-de-marie.org\/pom\/wp-json\/wp\/v2\/media?parent=10323"}],"wp:term":[{"taxonomy":"category","embeddable":true,"href":"https:\/\/soeurs-de-la-presentation-de-marie.org\/pom\/wp-json\/wp\/v2\/categories?post=10323"},{"taxonomy":"post_tag","embeddable":true,"href":"https:\/\/soeurs-de-la-presentation-de-marie.org\/pom\/wp-json\/wp\/v2\/tags?post=10323"}],"curies":[{"name":"wp","href":"https:\/\/api.w.org\/{rel}","templated":true}]}}