{"id":10326,"date":"2019-10-14T23:20:32","date_gmt":"2019-10-14T21:20:32","guid":{"rendered":"http:\/\/soeurs-de-la-presentation-de-marie.org\/pom\/?p=10326"},"modified":"2019-10-14T23:22:04","modified_gmt":"2019-10-14T21:22:04","slug":"sesion-de-formacion","status":"publish","type":"post","link":"https:\/\/soeurs-de-la-presentation-de-marie.org\/pom\/sesion-de-formacion\/","title":{"rendered":"Sesi\u00f3n  de Formaci\u00f3n"},"content":{"rendered":"<h3 style=\"text-align: center;\">La Sesi\u00f3n internacional de Formaci\u00f3n&#8230;&#8230;..comenzar\u00e1 pronto!<\/h3>\n<p>Una sesi\u00f3n de formaci\u00f3n internacional para nuestras formadoras PM comenzar\u00e1 pronto en el Centro Ad Gentes de Nemi, Italia. Las 32 participantes llegar\u00e1n el 19 de octubre para vivir esta sesi\u00f3n de 3 semanas sobre la formaci\u00f3n en PM hoy en d\u00eda. El tema de la sesi\u00f3n refuerza la orientaci\u00f3n del Cap\u00edtulo General: la Formaci\u00f3n, una prioridad&#8230; hasta que Cristo se forme en vosotros. (G\u00e1latas 4:9)<\/p>\n<p>El evento est\u00e1 organizado por nuestro comit\u00e9 de formaci\u00f3n dirigido por la Madre Mar\u00eda dos Anjos Alves. Habr\u00e1 oradores en diferentes \u00e1reas de especializaci\u00f3n, intercambios en grupos as\u00ed como discusiones. El grupo tambi\u00e9n participar\u00e1 en la audiencia general con el Papa Francisco el 30 de octubre.<\/p>\n<p>Queremos agradecer a nuestras hermanas que han participado en los detalles de la organizaci\u00f3n de esta sesi\u00f3n y confiamos la fecundidad de nuestro encuentro a Dios, a Nuestra Se\u00f1ora y a Mar\u00eda Rivier. Contamos con vuestras oraciones durante estos d\u00edas de sesi\u00f3n&#8230;. mant\u00e9nganos en su calendario de oraci\u00f3n: del 19 de octubre al 11 de noviembre de 2019.&nbsp; S\u00edguenos en nuestra p\u00e1gina web internacional: https:\/\/soeurs-de-la-presentation-de-marie.org\/pom\/en\/home\/ y en nuestra p\u00e1gina de Facebook!<\/p>\n<p>ngg_shortcode_0_placeholderngg_shortcode_1_placeholder<\/p>\n","protected":false},"excerpt":{"rendered":"<p>La Sesi\u00f3n internacional de Formaci\u00f3n&#8230;&#8230;..comenzar\u00e1 pronto! Una sesi\u00f3n de formaci\u00f3n internacional para nuestras formadoras PM comenzar\u00e1 pronto en el Centro Ad Gentes de Nemi, Italia. Las 32 participantes llegar\u00e1n el 19 de octubre para vivir esta sesi\u00f3n de 3 semanas sobre la formaci\u00f3n en PM hoy en d\u00eda. El tema de la sesi\u00f3n refuerza la [&hellip;]<\/p>\n","protected":false},"author":6,"featured_media":10189,"comment_status":"closed","ping_status":"closed","sticky":false,"template":"","format":"standard","meta":{"ngg_post_thumbnail":0,"footnotes":""},"categories":[609],"tags":[],"lang":"es","translations":{"es":10326},"pll_sync_post":[],"_links":{"self":[{"href":"https:\/\/soeurs-de-la-presentation-de-marie.org\/pom\/wp-json\/wp\/v2\/posts\/10326"}],"collection":[{"href":"https:\/\/soeurs-de-la-presentation-de-marie.org\/pom\/wp-json\/wp\/v2\/posts"}],"about":[{"href":"https:\/\/soeurs-de-la-presentation-de-marie.org\/pom\/wp-json\/wp\/v2\/types\/post"}],"author":[{"embeddable":true,"href":"https:\/\/soeurs-de-la-presentation-de-marie.org\/pom\/wp-json\/wp\/v2\/users\/6"}],"replies":[{"embeddable":true,"href":"https:\/\/soeurs-de-la-presentation-de-marie.org\/pom\/wp-json\/wp\/v2\/comments?post=10326"}],"version-history":[{"count":2,"href":"https:\/\/soeurs-de-la-presentation-de-marie.org\/pom\/wp-json\/wp\/v2\/posts\/10326\/revisions"}],"predecessor-version":[{"id":10328,"href":"https:\/\/soeurs-de-la-presentation-de-marie.org\/pom\/wp-json\/wp\/v2\/posts\/10326\/revisions\/10328"}],"wp:featuredmedia":[{"embeddable":true,"href":"https:\/\/soeurs-de-la-presentation-de-marie.org\/pom\/wp-json\/wp\/v2\/media\/10189"}],"wp:attachment":[{"href":"https:\/\/soeurs-de-la-presentation-de-marie.org\/pom\/wp-json\/wp\/v2\/media?parent=10326"}],"wp:term":[{"taxonomy":"category","embeddable":true,"href":"https:\/\/soeurs-de-la-presentation-de-marie.org\/pom\/wp-json\/wp\/v2\/categories?post=10326"},{"taxonomy":"post_tag","embeddable":true,"href":"https:\/\/soeurs-de-la-presentation-de-marie.org\/pom\/wp-json\/wp\/v2\/tags?post=10326"}],"curies":[{"name":"wp","href":"https:\/\/api.w.org\/{rel}","templated":true}]}}