{"id":10623,"date":"2019-11-02T22:32:00","date_gmt":"2019-11-02T21:32:00","guid":{"rendered":"http:\/\/soeurs-de-la-presentation-de-marie.org\/pom\/?p=10623"},"modified":"2019-11-02T22:32:00","modified_gmt":"2019-11-02T21:32:00","slug":"sessao-de-formacao-2","status":"publish","type":"post","link":"https:\/\/soeurs-de-la-presentation-de-marie.org\/pom\/sessao-de-formacao-2\/","title":{"rendered":"SESS\u00c3O DE FORMA\u00c7AO"},"content":{"rendered":"<h3 style=\"text-align: center;\">Que \u00f3tima primeira semana para as participantes!<\/h3>\n<p>Uma celebra\u00e7\u00e3o de abertura, com o s\u00edmbolo da \u00e1gua como vida. &nbsp;A forma\u00e7ao \u00e9 sobre servir a vida. &nbsp;Nunca esquecemos que o grande Mestre da forma\u00e7\u00e3o \u00e9 Deus. &nbsp;Exigimos transpar\u00eancia, for\u00e7a, clareza e disponibilidade como a \u00e1gua. &nbsp;Num gesto concreto, para responder aos convites do Papa Francisco sobre ecologia, cada participante recebu uma garrafa de \u00e1gua de vidro, uma forma de reduzir o uso do pl\u00e1stico.<\/p>\n<p>Um retiro espiritual de dois dias dirigido pela Madre Maria dos Anjos. &nbsp;Seguindo o profeta Jo\u00e3o Batista, somos convidadas a dar testemunho do que vimos e ouvimos. &nbsp;Uma l\u00edder de forma\u00e7\u00e3o \u00e9 um testemunho de JESUS CRISTO que ela contemplou. &nbsp;Este \u00e9 o convite constante de Marie Rivier: ser um evangelho aberto. &nbsp;Refletimos sobre o trabalho do cora\u00e7\u00e3o t\u00e3o recomendado pela nossa Fundadora. &nbsp;A vida de ora\u00e7\u00e3o, caminhando na presen\u00e7a de Jesus Cristo, \u00e9 a nossa vida. &nbsp;O Pai tem um plano de amor para n\u00f3s, \u00e9 a hora de uma renova\u00e7\u00e3o interior, a hora do Esp\u00edrito. &nbsp;SIM, perp\u00e9tua com Maria. &nbsp;<\/p>\n<p>ngg_shortcode_0_placeholderAgostinho Maholelelele, p.s.s.s., que nos falou de discernimento e acompanhamento, durante tr\u00eas dias. &nbsp;Fez-nos rever as no\u00e7\u00f5es de an\u00e1lise transacional e abordagem de sistemas. &nbsp;As realidades psicol\u00f3gicas s\u00e3o o alicerce sobre a qual se baseia a gra\u00e7a. &nbsp;Estes dados promovem a autoconsci\u00eancia e o processo de matura\u00e7\u00e3o.<\/p>\n<p>ngg_shortcode_1_placeholderUma responsabilidade dos formadores \u00e9 a transmiss\u00e3o de valores crist\u00e3os e religiosos atrav\u00e9s do ensino do conhecimento e do testemunho de vida. As formadoras enfrentam os desafios da modernidade, como o uso dos media e a integra\u00e7\u00e3o da sexualidade. &nbsp;Discutimos a realidade das crises de f\u00e9 e da crise da meia-idade. &nbsp;<\/p>\n<p>Refletimos sobre os sonhos que cada um enviou e esta reflex\u00e3o continuar\u00e1. &nbsp;&nbsp;<\/p>\n","protected":false},"excerpt":{"rendered":"<p>Que \u00f3tima primeira semana para as participantes! Uma celebra\u00e7\u00e3o de abertura, com o s\u00edmbolo da \u00e1gua como vida. &nbsp;A forma\u00e7ao \u00e9 sobre servir a vida. &nbsp;Nunca esquecemos que o grande Mestre da forma\u00e7\u00e3o \u00e9 Deus. &nbsp;Exigimos transpar\u00eancia, for\u00e7a, clareza e disponibilidade como a \u00e1gua. &nbsp;Num gesto concreto, para responder aos convites do Papa Francisco sobre [&hellip;]<\/p>\n","protected":false},"author":6,"featured_media":10486,"comment_status":"closed","ping_status":"closed","sticky":false,"template":"","format":"standard","meta":{"ngg_post_thumbnail":0,"footnotes":""},"categories":[95],"tags":[],"lang":"pt","translations":{"pt":10623},"pll_sync_post":[],"_links":{"self":[{"href":"https:\/\/soeurs-de-la-presentation-de-marie.org\/pom\/wp-json\/wp\/v2\/posts\/10623"}],"collection":[{"href":"https:\/\/soeurs-de-la-presentation-de-marie.org\/pom\/wp-json\/wp\/v2\/posts"}],"about":[{"href":"https:\/\/soeurs-de-la-presentation-de-marie.org\/pom\/wp-json\/wp\/v2\/types\/post"}],"author":[{"embeddable":true,"href":"https:\/\/soeurs-de-la-presentation-de-marie.org\/pom\/wp-json\/wp\/v2\/users\/6"}],"replies":[{"embeddable":true,"href":"https:\/\/soeurs-de-la-presentation-de-marie.org\/pom\/wp-json\/wp\/v2\/comments?post=10623"}],"version-history":[{"count":1,"href":"https:\/\/soeurs-de-la-presentation-de-marie.org\/pom\/wp-json\/wp\/v2\/posts\/10623\/revisions"}],"predecessor-version":[{"id":10628,"href":"https:\/\/soeurs-de-la-presentation-de-marie.org\/pom\/wp-json\/wp\/v2\/posts\/10623\/revisions\/10628"}],"wp:featuredmedia":[{"embeddable":true,"href":"https:\/\/soeurs-de-la-presentation-de-marie.org\/pom\/wp-json\/wp\/v2\/media\/10486"}],"wp:attachment":[{"href":"https:\/\/soeurs-de-la-presentation-de-marie.org\/pom\/wp-json\/wp\/v2\/media?parent=10623"}],"wp:term":[{"taxonomy":"category","embeddable":true,"href":"https:\/\/soeurs-de-la-presentation-de-marie.org\/pom\/wp-json\/wp\/v2\/categories?post=10623"},{"taxonomy":"post_tag","embeddable":true,"href":"https:\/\/soeurs-de-la-presentation-de-marie.org\/pom\/wp-json\/wp\/v2\/tags?post=10623"}],"curies":[{"name":"wp","href":"https:\/\/api.w.org\/{rel}","templated":true}]}}