{"id":10678,"date":"2019-11-05T08:55:46","date_gmt":"2019-11-05T07:55:46","guid":{"rendered":"http:\/\/soeurs-de-la-presentation-de-marie.org\/pom\/?p=10678"},"modified":"2019-11-18T18:44:28","modified_gmt":"2019-11-18T17:44:28","slug":"sessao-de-formacao-3","status":"publish","type":"post","link":"https:\/\/soeurs-de-la-presentation-de-marie.org\/pom\/sessao-de-formacao-3\/","title":{"rendered":"Sess\u00e3o de Forma\u00e7\u00e3o"},"content":{"rendered":"<h3><strong><b>Resumo da semana de 28 de outubro a 2 de novembro de 2019<\/b><\/strong><\/h3>\n<p>Iniciamos a semana com o tema: <strong>a forma\u00e7\u00e3o do cora\u00e7\u00e3o<\/strong>, &nbsp;e o Padre <strong><b>Carlos del Valle Garcia, svd<\/b><\/strong>&nbsp;foi o palestrante.<\/p>\n<p>Para ser religioso hoje \u00e9 preciso formar o cora\u00e7\u00e3o. Cora\u00e7\u00e3o entendido como interioridade ou o ser mais profundo da pessoa. E o melhor que um consagrado pode dar a sua Congrega\u00e7\u00e3o \u00e9 o seu cora\u00e7\u00e3o \u201cser boa pessoa\u201d.<\/p>\n<p>Somos seres em forma\u00e7\u00e3o cont\u00ednua. Deus deseja formar em n\u00f3s o cora\u00e7\u00e3o de Seu Filho Jesus Cristo para que tenhamos os mesmos sentimentos que Ele tinha. &nbsp;<\/p>\n<p>H\u00e1 forma\u00e7\u00e3o quando chega a tocar a sensibilidade, o cora\u00e7\u00e3o e a vida. A forma\u00e7\u00e3o da sensibilidade come\u00e7a com a forma\u00e7\u00e3o dos sentidos, sensa\u00e7\u00f5es e emo\u00e7\u00f5es, de modo que os sentimentos, as emo\u00e7\u00f5es, os pensamentos, os desejos, os gostos estejam em sintonia com o que agrada a Deus. Jesus transformava quando falava, quando olhava, quando tocava. Precisamos de evangelizar os nossos sentidos.<\/p>\n<p>Devemos nos questionarmos como podemos ser religiosos hoje. Termos a coragem de viver o Evangelho e testemunh\u00e1-lo com a nossa vida. Nossa identidade deve ser bem definida e a miss\u00e3o bem motivada.<\/p>\n<p>\u00c9 necess\u00e1rio fortalecer a nossa identidade. Sermos religiosas fascinadas, seduzidas com paix\u00e3o prof\u00e9tica e aud\u00e1cia evang\u00e9lica. Precisamos de ser criativas, buscar algo novo, conservar o fogo e n\u00e3o adorar as cinzas.<\/p>\n<p>Somos chamadas a sermos vigilantes, para n\u00e3o cairmos no comodismo, na insensibilidade, na superficialidade, mas viver com satisfa\u00e7\u00e3o a nossa voca\u00e7\u00e3o e miss\u00e3o.<\/p>\n<p>ngg_shortcode_0_placeholder<strong><b>29\/31 A heran\u00e7a= O Carisma S. Marie du Christ<br \/>\n<\/b><\/strong><\/p>\n<p>Falamos da <strong><b>heran\u00e7a<\/b><\/strong>&nbsp;que recebemos de Maria Rivier, que precisamos de viver dessa heran\u00e7a e de transmiti-la as novas gera\u00e7\u00f5es. Para nos apropriarmos dessa heran\u00e7a precisamos de continuar a reler os escritos da nossa Fundadora, para melhor descobrir esse tesouro da sua espiritualidade totalmente interior. Deixar que Jesus fa\u00e7a<strong><b>&nbsp;<\/b><\/strong>a sua morada em n\u00f3s assim como viveu em Maria.<\/p>\n<p>A heran\u00e7a que recebemos de Maria Rivier \u00e9 o <strong><b>carisma<\/b><\/strong>&nbsp;que ela recebeu de Deus. \u00c9 necess\u00e1rio guardar aquilo que \u00e9 essencial para n\u00f3s: Jesus Cristo, o zelo, o amor a Virgem Maria, a ora\u00e7\u00e3o. Saber encarnar esses dons recebidos na nossa vida com uma fidelidade criativa as origens e um olhar novo.<\/p>\n<p>Para manter o carisma vivo precisamos de estar sempre unidas a fonte que \u00e9 Jesus Cristo.<\/p>\n<p><strong><b>1 e 2 O Direito Can\u00f3nico: S. Kelly Connors<\/b><\/strong><\/p>\n<p>Partimos do historial da origem do direito can\u00f3nico. &nbsp;Vimos que o direito can\u00f3nico tem a fun\u00e7\u00e3o de organizar as comunidades. Ele mostra o ideal e nos ajuda a compreender a profundidade do que fazemos e o porqu\u00ea o fazemos.<\/p>\n<p>Abordamos o tema dos votos fazendo um estudo paralelo partindo do direito can\u00f3nico que \u00e9 universal para todos os batizados, incindindo dum modo especial na Vida Consagrada e concretamente na nossa Regra de Vida, nosso direito pr\u00f3prio.<\/p>\n<p>ngg_shortcode_1_placeholderEstudamos juntas v\u00e1rios assuntos que tocam a nossa vida, relendo os votos de pobreza, obedi\u00eancia e castidade. Vimos nossos direitos e as obriga\u00e7\u00f5es que da\u00ed derivam. Percebemos que acima de tudo est\u00e1 a pessoa humana que deve ser respeitada, mas tamb\u00e9m dentro da verdade e coer\u00eancia de vida que se sente chamada a abra\u00e7ar. H\u00e1 a responsabilidade pessoal e ajuda da comunidade, favorecendo o equil\u00edbrio de vida de cada uma.<\/p>\n","protected":false},"excerpt":{"rendered":"<p>Resumo da semana de 28 de outubro a 2 de novembro de 2019 Iniciamos a semana com o tema: a forma\u00e7\u00e3o do cora\u00e7\u00e3o, &nbsp;e o Padre Carlos del Valle Garcia, svd&nbsp;foi o palestrante. Para ser religioso hoje \u00e9 preciso formar o cora\u00e7\u00e3o. Cora\u00e7\u00e3o entendido como interioridade ou o ser mais profundo da pessoa. E o [&hellip;]<\/p>\n","protected":false},"author":6,"featured_media":10686,"comment_status":"closed","ping_status":"closed","sticky":false,"template":"","format":"standard","meta":{"ngg_post_thumbnail":0,"footnotes":""},"categories":[606],"tags":[],"lang":"pt","translations":{"pt":10678},"pll_sync_post":[],"_links":{"self":[{"href":"https:\/\/soeurs-de-la-presentation-de-marie.org\/pom\/wp-json\/wp\/v2\/posts\/10678"}],"collection":[{"href":"https:\/\/soeurs-de-la-presentation-de-marie.org\/pom\/wp-json\/wp\/v2\/posts"}],"about":[{"href":"https:\/\/soeurs-de-la-presentation-de-marie.org\/pom\/wp-json\/wp\/v2\/types\/post"}],"author":[{"embeddable":true,"href":"https:\/\/soeurs-de-la-presentation-de-marie.org\/pom\/wp-json\/wp\/v2\/users\/6"}],"replies":[{"embeddable":true,"href":"https:\/\/soeurs-de-la-presentation-de-marie.org\/pom\/wp-json\/wp\/v2\/comments?post=10678"}],"version-history":[{"count":5,"href":"https:\/\/soeurs-de-la-presentation-de-marie.org\/pom\/wp-json\/wp\/v2\/posts\/10678\/revisions"}],"predecessor-version":[{"id":10978,"href":"https:\/\/soeurs-de-la-presentation-de-marie.org\/pom\/wp-json\/wp\/v2\/posts\/10678\/revisions\/10978"}],"wp:featuredmedia":[{"embeddable":true,"href":"https:\/\/soeurs-de-la-presentation-de-marie.org\/pom\/wp-json\/wp\/v2\/media\/10686"}],"wp:attachment":[{"href":"https:\/\/soeurs-de-la-presentation-de-marie.org\/pom\/wp-json\/wp\/v2\/media?parent=10678"}],"wp:term":[{"taxonomy":"category","embeddable":true,"href":"https:\/\/soeurs-de-la-presentation-de-marie.org\/pom\/wp-json\/wp\/v2\/categories?post=10678"},{"taxonomy":"post_tag","embeddable":true,"href":"https:\/\/soeurs-de-la-presentation-de-marie.org\/pom\/wp-json\/wp\/v2\/tags?post=10678"}],"curies":[{"name":"wp","href":"https:\/\/api.w.org\/{rel}","templated":true}]}}