{"id":10681,"date":"2019-11-05T17:49:45","date_gmt":"2019-11-05T16:49:45","guid":{"rendered":"http:\/\/soeurs-de-la-presentation-de-marie.org\/pom\/?p=10681"},"modified":"2019-11-05T17:49:45","modified_gmt":"2019-11-05T16:49:45","slug":"sesion-de-formacion-2","status":"publish","type":"post","link":"https:\/\/soeurs-de-la-presentation-de-marie.org\/pom\/sesion-de-formacion-2\/","title":{"rendered":"Sesi\u00f3n de Formaci\u00f3n"},"content":{"rendered":"<h3>SEGUNDA SEMANA 28 de octubre &#8211; 2 de noviembre<\/h3>\n<p>Nuestra segunda semana se desarroll\u00f3 bien&#8230;. El P. Carlos del Valle Garc\u00eda svd nos habl\u00f3 de la Formaci\u00f3n del Coraz\u00f3n&#8230; una formaci\u00f3n a la interioridad. Present\u00f3 el tema d\u00e1ndonos su descripci\u00f3n de un religioso hoy: un religioso es alguien cuyo coraz\u00f3n ha sido evangelizado por la persona de Jesucristo. Destac\u00f3 la importancia de evangelizar nuestros sentidos humanos, a trav\u00e9s de la pr\u00e1ctica de la contemplaci\u00f3n de la Palabra de Dios. Como formadores, debemos ser los primeros en formar nuestros corazones de esta manera para poder ayudar a los que vienen a nosotros. \u00c9l dijo: &#8220;El regalo m\u00e1s hermoso que podemos dar a nuestra Congregaci\u00f3n es un buen coraz\u00f3n&#8221;.<\/p>\n<p>ngg_shortcode_0_placeholderNuestra propia Hermana Marie du Christ Gaucherand, nos ayud\u00f3 a profundizar la herencia espiritual que hemos recibido de la Beata Marie Rivier que se form\u00f3 en la Escuela Francesa de Espiritualidad. Destac\u00f3 algunos aspectos de nuestro patrimonio espiritual tal como lo vivi\u00f3 y atesor\u00f3 la propia Marie Rivier. Por nombrar algunos de ellos: el amor a Jesucristo, su Cruz, su Madre, el esp\u00edritu de celo, la oraci\u00f3n y la adoraci\u00f3n, su sentido de la gloria y la grandeza de Dios. Sus reflexiones nos ayudaron a profundizar en la espiritualidad de estos valores que, como formadoras, tenemos la responsabilidad de transmitir a las generaciones futuras.<\/p>\n<p>El d\u00eda que pasamos en Roma fue especial y muy enriquecedor. Juntas compartimos la audiencia del mi\u00e9rcoles con el Papa Francisco y despu\u00e9s celebramos la Eucarist\u00eda. La tarde fue libre para que todas disfrutaran de la compa\u00f1\u00eda de las dem\u00e1s.<\/p>\n<p>Nuestro d\u00eda de reflexi\u00f3n sobre nuestra Espiritualidad y Carisma nos desafi\u00f3 a vivir en fidelidad el Carisma que Marie Rivier recibi\u00f3 de Dios. Este Carisma, este fuego, es la fuerza que nos impulsa a vivir nuestra identidad como PM, portadoras de la presencia de Jesucristo en nuestro mundo de hoy. Terminamos este d\u00eda, el \u00faltimo d\u00eda de octubre, con una procesi\u00f3n mariana especial y el rezo del rosario.<\/p>\n<p>ngg_shortcode_1_placeholder<br \/>\nLa Hna. Kelly Connors pm, miembro del Consejo General, nos present\u00f3, de una manera muy interesante y humana, los consejos evang\u00e9licos de castidad, pobreza y obediencia seg\u00fan el Derecho Can\u00f3nico en referencia a nuestra Regla de Vida. Nos explic\u00f3 varias normas que tocan temas actuales y nos invit\u00f3 a renovar nuestro deseo de luchar por la coherencia y la integridad en la vida diaria religiosa. Puesto que estos consejos son nuestro camino hacia la santidad, el prop\u00f3sito de nuestra vocaci\u00f3n, ella tambi\u00e9n elabor\u00f3 el significado de nuestra corresponsabilidad al vivir estos compromisos en comunidad. Entender verdaderamente por qu\u00e9 hacemos lo que hacemos nos ayudar\u00eda a vivir m\u00e1s profundamente la esencia de nuestros votos.<br \/>\nTerminamos esta segunda semana rezando juntas las V\u00edsperas y el rosario.<\/p>\n<p>&nbsp;<\/p>\n","protected":false},"excerpt":{"rendered":"<p>SEGUNDA SEMANA 28 de octubre &#8211; 2 de noviembre Nuestra segunda semana se desarroll\u00f3 bien&#8230;. El P. Carlos del Valle Garc\u00eda svd nos habl\u00f3 de la Formaci\u00f3n del Coraz\u00f3n&#8230; una formaci\u00f3n a la interioridad. Present\u00f3 el tema d\u00e1ndonos su descripci\u00f3n de un religioso hoy: un religioso es alguien cuyo coraz\u00f3n ha sido evangelizado por la [&hellip;]<\/p>\n","protected":false},"author":6,"featured_media":10683,"comment_status":"closed","ping_status":"closed","sticky":false,"template":"","format":"standard","meta":{"ngg_post_thumbnail":0,"footnotes":""},"categories":[99],"tags":[],"lang":"es","translations":{"es":10681},"pll_sync_post":[],"_links":{"self":[{"href":"https:\/\/soeurs-de-la-presentation-de-marie.org\/pom\/wp-json\/wp\/v2\/posts\/10681"}],"collection":[{"href":"https:\/\/soeurs-de-la-presentation-de-marie.org\/pom\/wp-json\/wp\/v2\/posts"}],"about":[{"href":"https:\/\/soeurs-de-la-presentation-de-marie.org\/pom\/wp-json\/wp\/v2\/types\/post"}],"author":[{"embeddable":true,"href":"https:\/\/soeurs-de-la-presentation-de-marie.org\/pom\/wp-json\/wp\/v2\/users\/6"}],"replies":[{"embeddable":true,"href":"https:\/\/soeurs-de-la-presentation-de-marie.org\/pom\/wp-json\/wp\/v2\/comments?post=10681"}],"version-history":[{"count":4,"href":"https:\/\/soeurs-de-la-presentation-de-marie.org\/pom\/wp-json\/wp\/v2\/posts\/10681\/revisions"}],"predecessor-version":[{"id":10730,"href":"https:\/\/soeurs-de-la-presentation-de-marie.org\/pom\/wp-json\/wp\/v2\/posts\/10681\/revisions\/10730"}],"wp:featuredmedia":[{"embeddable":true,"href":"https:\/\/soeurs-de-la-presentation-de-marie.org\/pom\/wp-json\/wp\/v2\/media\/10683"}],"wp:attachment":[{"href":"https:\/\/soeurs-de-la-presentation-de-marie.org\/pom\/wp-json\/wp\/v2\/media?parent=10681"}],"wp:term":[{"taxonomy":"category","embeddable":true,"href":"https:\/\/soeurs-de-la-presentation-de-marie.org\/pom\/wp-json\/wp\/v2\/categories?post=10681"},{"taxonomy":"post_tag","embeddable":true,"href":"https:\/\/soeurs-de-la-presentation-de-marie.org\/pom\/wp-json\/wp\/v2\/tags?post=10681"}],"curies":[{"name":"wp","href":"https:\/\/api.w.org\/{rel}","templated":true}]}}