{"id":10882,"date":"2019-11-15T15:16:34","date_gmt":"2019-11-15T14:16:34","guid":{"rendered":"http:\/\/soeurs-de-la-presentation-de-marie.org\/pom\/?p=10882"},"modified":"2019-11-15T15:16:34","modified_gmt":"2019-11-15T14:16:34","slug":"sesion-de-formacion-3","status":"publish","type":"post","link":"https:\/\/soeurs-de-la-presentation-de-marie.org\/pom\/sesion-de-formacion-3\/","title":{"rendered":"Sesi\u00f3n de formaci\u00f3n"},"content":{"rendered":"<h3 style=\"text-align: center;\">Semana de Clausura<\/h3>\n<ul>\n<li><strong>Sra. Patricia Morgante &#8211; Medios de comunicaci\u00f3n social<\/strong><\/li>\n<\/ul>\n<p>El mundo digital es m\u00e1s que un medio de comunicaci\u00f3n, es un espacio infinito en el que entramos y que es tanto virtual como real.&nbsp; La red recoge toda la informaci\u00f3n, la clasifica y no olvida nada.&nbsp; Nos preguntamos: \u00bfC\u00f3mo podemos vivir en este mundo?&nbsp; Podemos convertirnos en productores de contenido, hacer las preguntas correctas, ser aut\u00e9nticos, hablar de la belleza de la vida religiosa.<\/p>\n<ul>\n<li><strong>S. Ginette Badiane, S. Claudette Casavant &#8211; Afectividad y sexualidad<\/strong><\/li>\n<\/ul>\n<p>Escuchamos el testimonio de una religiosa maltratada por los sacerdotes.&nbsp; \u00bfC\u00f3mo podemos acoger estas realidades y la crisis actual de la Iglesia?&nbsp; \u00bfQu\u00e9 lecciones se pueden aprender para la formaci\u00f3n de los j\u00f3venes? Muchos desaf\u00edos est\u00e1n llamando a nuestra puerta.&nbsp; Estamos invitadas a mucho di\u00e1logo, escucha, confianza y apertura.&nbsp; Debemos romper tab\u00faes, crear relaciones saludables, conocer a nuestras hermanas.<\/p>\n<ul>\n<li><strong>Sor Rosemary Howarth y Sor Joan Doyle, s.s.n.d. &#8211; Noviciado Internacional<\/strong><\/li>\n<\/ul>\n<p>Las dos hermanas compartieron con nosotras su experiencia de un solo noviciado para toda la congregaci\u00f3n.&nbsp; Esta decisi\u00f3n se tom\u00f3 despu\u00e9s de muchas consultas y reuniones de discernimiento.&nbsp; Mencionan las ventajas en t\u00e9rminos de personal de formaci\u00f3n, el aprendizaje de la interculturaci\u00f3n por parte de los j\u00f3venes y la financiaci\u00f3n de un solo noviciado.&nbsp; Hay muchos desaf\u00edos, est\u00e1n contentas con la experiencia.<\/p>\n<ul>\n<li><strong>Cardenal Jo\u1fb6o Braz Aviz &#8211; Vida Consagrada<\/strong><\/li>\n<\/ul>\n<p>El Cardenal presenta una breve historia de la evoluci\u00f3n de la vida religiosa desde el Vaticano II.&nbsp; Destaca algunos desaf\u00edos, como la formaci\u00f3n inicial y permanente y la autenticidad de la vida comunitaria.&nbsp; Nos invita a escuchar a los j\u00f3venes.<\/p>\n<ul>\n<li><strong>S. Charito Gorgonio y S. Kelly Connors &#8211; Ecolog\u00eda<\/strong><\/li>\n<\/ul>\n<p>Desde Laudato s\u00ec, nos hacen tomar conciencia del sufrimiento de nuestra casa com\u00fan y de la necesidad de&nbsp; solidaridad con todos los que sufren las consecuencias.&nbsp; Vivamos en comuni\u00f3n con Dios, entre nosotros y con la creaci\u00f3n.&nbsp; Vemos c\u00f3mo podemos involucrarnos de manera m\u00e1s creativa.&nbsp;<\/p>\n<ul>\n<li><strong>S. Claudette Casavant &#8211; Visi\u00f3n, Misi\u00f3n, Valores<\/strong><\/li>\n<\/ul>\n<p>En el trabajo personal y grupal definimos la visi\u00f3n que tenemos de la formaci\u00f3n, cu\u00e1l es nuestra misi\u00f3n y los valores que describen nuestra identidad en la Presentaci\u00f3n de Mar\u00eda.<\/p>\n<ul>\n<li><strong>Conclusi\u00f3n<\/strong><\/li>\n<\/ul>\n<p>La celebraci\u00f3n de clausura nos da la oportunidad de expresar nuevamente lo que hay dentro de nosotras.&nbsp; A trav\u00e9s de un rito simb\u00f3lico, la Superior General nos env\u00eda a vivir nuestra misi\u00f3n como formadoras con alegr\u00eda, esperanza y entusiasmo.&nbsp; <em><strong>MAGNIFICAT!&nbsp; \u00a1ALELUYA!&nbsp;<\/strong><\/em><\/p>\nngg_shortcode_0_placeholder\n<p>&nbsp;<\/p>\n","protected":false},"excerpt":{"rendered":"<p>Semana de Clausura Sra. Patricia Morgante &#8211; Medios de comunicaci\u00f3n social El mundo digital es m\u00e1s que un medio de comunicaci\u00f3n, es un espacio infinito en el que entramos y que es tanto virtual como real.&nbsp; La red recoge toda la informaci\u00f3n, la clasifica y no olvida nada.&nbsp; Nos preguntamos: \u00bfC\u00f3mo podemos vivir en este [&hellip;]<\/p>\n","protected":false},"author":6,"featured_media":10896,"comment_status":"closed","ping_status":"closed","sticky":false,"template":"","format":"standard","meta":{"ngg_post_thumbnail":0,"footnotes":""},"categories":[99,609],"tags":[],"lang":"es","translations":{"es":10882},"pll_sync_post":[],"_links":{"self":[{"href":"https:\/\/soeurs-de-la-presentation-de-marie.org\/pom\/wp-json\/wp\/v2\/posts\/10882"}],"collection":[{"href":"https:\/\/soeurs-de-la-presentation-de-marie.org\/pom\/wp-json\/wp\/v2\/posts"}],"about":[{"href":"https:\/\/soeurs-de-la-presentation-de-marie.org\/pom\/wp-json\/wp\/v2\/types\/post"}],"author":[{"embeddable":true,"href":"https:\/\/soeurs-de-la-presentation-de-marie.org\/pom\/wp-json\/wp\/v2\/users\/6"}],"replies":[{"embeddable":true,"href":"https:\/\/soeurs-de-la-presentation-de-marie.org\/pom\/wp-json\/wp\/v2\/comments?post=10882"}],"version-history":[{"count":2,"href":"https:\/\/soeurs-de-la-presentation-de-marie.org\/pom\/wp-json\/wp\/v2\/posts\/10882\/revisions"}],"predecessor-version":[{"id":10914,"href":"https:\/\/soeurs-de-la-presentation-de-marie.org\/pom\/wp-json\/wp\/v2\/posts\/10882\/revisions\/10914"}],"wp:featuredmedia":[{"embeddable":true,"href":"https:\/\/soeurs-de-la-presentation-de-marie.org\/pom\/wp-json\/wp\/v2\/media\/10896"}],"wp:attachment":[{"href":"https:\/\/soeurs-de-la-presentation-de-marie.org\/pom\/wp-json\/wp\/v2\/media?parent=10882"}],"wp:term":[{"taxonomy":"category","embeddable":true,"href":"https:\/\/soeurs-de-la-presentation-de-marie.org\/pom\/wp-json\/wp\/v2\/categories?post=10882"},{"taxonomy":"post_tag","embeddable":true,"href":"https:\/\/soeurs-de-la-presentation-de-marie.org\/pom\/wp-json\/wp\/v2\/tags?post=10882"}],"curies":[{"name":"wp","href":"https:\/\/api.w.org\/{rel}","templated":true}]}}