{"id":10884,"date":"2019-11-16T15:03:52","date_gmt":"2019-11-16T14:03:52","guid":{"rendered":"http:\/\/soeurs-de-la-presentation-de-marie.org\/pom\/?p=10884"},"modified":"2019-11-18T18:35:20","modified_gmt":"2019-11-18T17:35:20","slug":"sessao-de-formacao-4","status":"publish","type":"post","link":"https:\/\/soeurs-de-la-presentation-de-marie.org\/pom\/sessao-de-formacao-4\/","title":{"rendered":"Sess\u00e3o de Forma\u00e7\u00e3o"},"content":{"rendered":"<h2 style=\"text-align: center;\">Terceira semana<\/h2>\n<ul>\n<li><strong>Sra. Patricia Morgante &#8211; Meios de comunica\u00e7\u00e3o social<\/strong><\/li>\n<\/ul>\n<p>O mundo digital \u00e9 mais do que um meio de comunica\u00e7\u00e3o, \u00e9 um espa\u00e7o infinito no qual entramos e deixamos nossas marcas. Este espa\u00e7o \u00e9 virtual, mas na verdade \u00e9 real.&nbsp; A rede recolhe toda a informa\u00e7\u00e3o, classifica-a e tem uma mem\u00f3ria duradoura.&nbsp; Perguntamo-nos: Como podemos viver neste mundo?&nbsp; Podemos tornar-nos testemunhas de vida e de alegria. Sabendo fazer as perguntas certas, ser aut\u00eanticos, falar da beleza da vida religiosa.<\/p>\n<ul>\n<li><strong>S. Ginette Badiane, S. Claudette Casavant &#8211; Afectividade e sexualidade<\/strong><\/li>\n<\/ul>\n<p>Escutamos um testemunho de uma mulher religiosa abusada por sacerdotes.&nbsp; Como podemos acolher estas realidades e a crise atual da Igreja?&nbsp; Que li\u00e7\u00f5es podemos tirar para a forma\u00e7\u00e3o dos jovens? Muitos desafios est\u00e3o a bater \u00e0 nossa porta.&nbsp; Somos convidados a aprender a cultura do di\u00e1logo, da escuta, da confian\u00e7a e abertura.&nbsp; Temos de quebrar tabus, criar rela\u00e7\u00f5es saud\u00e1veis, conhecer as nossas irm\u00e3s.<\/p>\n<ul>\n<li><strong>Ir. Rosemary Howarth e Ir. Joan Doyle, s.s.n.d. &#8211; Noviciado Internacional<\/strong><\/li>\n<\/ul>\n<p>As duas irm\u00e3s partilharam connosco a experi\u00eancia de um \u00fanico noviciado para toda a Congrega\u00e7\u00e3o.&nbsp; Esta decis\u00e3o foi tomada depois de muitas consultas e reuni\u00f5es de discernimento.&nbsp; Mencionaram as vantagens em termos de pessoal de forma\u00e7\u00e3o, financiamento de um \u00fanico noviciado, mas tamb\u00e9m h\u00e1 outros desafios: como abertura a interculturalidade, a l\u00edngua e a experi\u00eancia de vida quotidiana.&nbsp; Elas est\u00e3o felizes com a experi\u00eancia e apreciamos a sua partilha.<\/p>\n<ul>\n<li><strong>Cardeal Jo\u1fb6o Braz de Aviz &#8211; Vida Consagrada<\/strong><\/li>\n<\/ul>\n<p>No texto do Cardeal enviado para a ocasi\u00e3o, apresenta um breve historial da evolu\u00e7\u00e3o e renova\u00e7\u00e3o da vida religiosa desde o Vaticano II.&nbsp; Destaca alguns desafios, incluindo a forma\u00e7\u00e3o inicial e permanente, o desafio do abandono da vida consagrada. Reafirma que o testemunho coerente da vida comunit\u00e1ria \u00e9 essencial para a fidelidade e perseveran\u00e7a no seguimento de Cristo.<\/p>\n<ul>\n<li><strong>S. Charito Gorgonio e S. Kelly Connors &#8211; Ecologia<\/strong><\/li>\n<\/ul>\n<p>De Laudato s\u00ec nos tornamos conscientes do sofrimento da nossa casa comum e da necessidade de&nbsp;solidariedade com todos aqueles que sofrem as consequ\u00eancias.&nbsp; Vivamos em comunh\u00e3o com Deus, uns com os outros e com a cria\u00e7\u00e3o.&nbsp; Vemos como nos podemos envolver com mais criativamente nos diversos programas sobre quest\u00f5es de ecologia e ambiente nos nossos pa\u00edses.<\/p>\n<ul>\n<li><strong>S. Claudette Casavant &#8211; Vis\u00e3o, Miss\u00e3o, Valores<\/strong><\/li>\n<\/ul>\n<p>No trabalho pessoal e em grupo, definimos a vis\u00e3o que temos da forma\u00e7\u00e3o, qual \u00e9 a nossa miss\u00e3o e os valores que descrevem nossa identidade de Irm\u00e3s da Apresenta\u00e7\u00e3o de Maria.<\/p>\n<ul>\n<li><strong>Conclus\u00e3o<\/strong><\/li>\n<\/ul>\n<p>A celebra\u00e7\u00e3o de encerramento nos deu a oportunidade de partilhar o que cada uma das participantes tinha colhido para si ao longo do decurso da sess\u00e3o. No fim atrav\u00e9s de um rito simb\u00f3lico, a Superiora geral nos enviou a viver nossa miss\u00e3o de formadoras com alegria, esperan\u00e7a e entusiasmo.&nbsp; <em><strong>MAGNIFICAT!&nbsp; ALLELUIA!&nbsp;<\/strong><\/em><\/p>\nngg_shortcode_0_placeholder\n<p>&nbsp;<\/p>\n<p>&nbsp;<\/p>\n","protected":false},"excerpt":{"rendered":"<p>Terceira semana Sra. Patricia Morgante &#8211; Meios de comunica\u00e7\u00e3o social O mundo digital \u00e9 mais do que um meio de comunica\u00e7\u00e3o, \u00e9 um espa\u00e7o infinito no qual entramos e deixamos nossas marcas. Este espa\u00e7o \u00e9 virtual, mas na verdade \u00e9 real.&nbsp; A rede recolhe toda a informa\u00e7\u00e3o, classifica-a e tem uma mem\u00f3ria duradoura.&nbsp; Perguntamo-nos: Como [&hellip;]<\/p>\n","protected":false},"author":6,"featured_media":10895,"comment_status":"closed","ping_status":"closed","sticky":false,"template":"","format":"standard","meta":{"ngg_post_thumbnail":0,"footnotes":""},"categories":[95],"tags":[],"lang":"pt","translations":{"pt":10884},"pll_sync_post":[],"_links":{"self":[{"href":"https:\/\/soeurs-de-la-presentation-de-marie.org\/pom\/wp-json\/wp\/v2\/posts\/10884"}],"collection":[{"href":"https:\/\/soeurs-de-la-presentation-de-marie.org\/pom\/wp-json\/wp\/v2\/posts"}],"about":[{"href":"https:\/\/soeurs-de-la-presentation-de-marie.org\/pom\/wp-json\/wp\/v2\/types\/post"}],"author":[{"embeddable":true,"href":"https:\/\/soeurs-de-la-presentation-de-marie.org\/pom\/wp-json\/wp\/v2\/users\/6"}],"replies":[{"embeddable":true,"href":"https:\/\/soeurs-de-la-presentation-de-marie.org\/pom\/wp-json\/wp\/v2\/comments?post=10884"}],"version-history":[{"count":5,"href":"https:\/\/soeurs-de-la-presentation-de-marie.org\/pom\/wp-json\/wp\/v2\/posts\/10884\/revisions"}],"predecessor-version":[{"id":10974,"href":"https:\/\/soeurs-de-la-presentation-de-marie.org\/pom\/wp-json\/wp\/v2\/posts\/10884\/revisions\/10974"}],"wp:featuredmedia":[{"embeddable":true,"href":"https:\/\/soeurs-de-la-presentation-de-marie.org\/pom\/wp-json\/wp\/v2\/media\/10895"}],"wp:attachment":[{"href":"https:\/\/soeurs-de-la-presentation-de-marie.org\/pom\/wp-json\/wp\/v2\/media?parent=10884"}],"wp:term":[{"taxonomy":"category","embeddable":true,"href":"https:\/\/soeurs-de-la-presentation-de-marie.org\/pom\/wp-json\/wp\/v2\/categories?post=10884"},{"taxonomy":"post_tag","embeddable":true,"href":"https:\/\/soeurs-de-la-presentation-de-marie.org\/pom\/wp-json\/wp\/v2\/tags?post=10884"}],"curies":[{"name":"wp","href":"https:\/\/api.w.org\/{rel}","templated":true}]}}