{"id":11393,"date":"2020-01-30T15:49:33","date_gmt":"2020-01-30T14:49:33","guid":{"rendered":"http:\/\/soeurs-de-la-presentation-de-marie.org\/pom\/?p=11393"},"modified":"2020-01-30T16:25:02","modified_gmt":"2020-01-30T15:25:02","slug":"missao-do-brasil-2","status":"publish","type":"post","link":"https:\/\/soeurs-de-la-presentation-de-marie.org\/pom\/missao-do-brasil-2\/","title":{"rendered":"Miss\u00e3o do Brasil"},"content":{"rendered":"<h2 style=\"text-align: center;\"><strong>Sede inteiramente de Jesus Cristo para o tempo e para a eternidade!&nbsp; &nbsp; &nbsp; &nbsp; &nbsp; &nbsp; &nbsp; &nbsp; &nbsp; &nbsp; &nbsp; &nbsp; &nbsp; <\/strong>&nbsp; &nbsp;<\/h2>\n<h2 style=\"text-align: center;\"><em>Maria Rivier<\/em><\/h2>\n<p>&nbsp;<\/p>\n<p>O dia 21 de dezembro de 2019, anivers\u00e1rio de batismo de Maria Rivier, foi a data esclhida para a Profiss\u00e3o Perp\u00e9tua da Irm\u00e3 Lurdes de F\u00e1tima Fernandes.<\/p>\n<p>No dia anterior, como tradicionalmente acontece, decorreu a vig\u00edlia, onde imploramos sobre a Ir. F\u00e1tima o Esp\u00edrito Santo para que ela seja uma verdadeira esposa de Jesus Cristo para o tempo e para a eternidade.<\/p>\n<p>ngg_shortcode_0_placeholderA par\u00f3quia de Nossa Senhora da Penha de Fran\u00e7a \u2013 Corumb\u00e1 de Goi\u00e1s, terra natal da Ir. F\u00e1tima acolheu a a celebra\u00e7\u00e3o festiva dos seus votos perp\u00e9tuos, presidida por D. Jo\u00e3o Wilk, bispo de An\u00e1polis e muitos sacerdotes que fazem parte da hist\u00f3ria de vida da Ir. F\u00e1tima. A Ir. Fernanda Pereira, Superiora Provincial, recebeu os seus votos em nome da congrega\u00e7\u00e3o.<\/p>\n<p>A bela eucaristia, repleta de significado esponsal, assumiu um tom amplamente eclesial com a participa\u00e7\u00e3o de todo o povo que na alegria testemunhou a entrega total e definitiva da ir. F\u00e1tima a Deus, na Apresenta\u00e7\u00e3o de Maria. No final da eucaristia a Ir. F\u00e1tima fez a sua consagra\u00e7\u00e3o a Maria, colocando-se confiadamente como filha no cola da M\u00e3e de Jesus.<\/p>\n<p>ngg_shortcode_1_placeholderSeguiu-se um almo\u00e7o festivo, preparado pela familia da Ir. F\u00e1tima, em que pudemos dar continuadade \u00e0 a\u00e7\u00e3o de gra\u00e7as e ao louvor pela alegria do seu SIM.<\/p>\n<p>Que Maria a guarde sempre fiel ao dom total que, na alegria, fez ao Senhor.&nbsp;&nbsp;<\/p>\n<p>ngg_shortcode_2_placeholderngg_shortcode_3_placeholder<\/p>\n","protected":false},"excerpt":{"rendered":"<p>Sede inteiramente de Jesus Cristo para o tempo e para a eternidade!&nbsp; &nbsp; &nbsp; &nbsp; &nbsp; &nbsp; &nbsp; &nbsp; &nbsp; &nbsp; &nbsp; &nbsp; &nbsp; &nbsp; &nbsp; Maria Rivier &nbsp; O dia 21 de dezembro de 2019, anivers\u00e1rio de batismo de Maria Rivier, foi a data esclhida para a Profiss\u00e3o Perp\u00e9tua da Irm\u00e3 Lurdes de F\u00e1tima [&hellip;]<\/p>\n","protected":false},"author":6,"featured_media":11359,"comment_status":"closed","ping_status":"closed","sticky":false,"template":"","format":"standard","meta":{"ngg_post_thumbnail":0,"footnotes":""},"categories":[606],"tags":[],"lang":"pt","translations":{"pt":11393,"es":11405},"pll_sync_post":{"pt":true,"es":true},"_links":{"self":[{"href":"https:\/\/soeurs-de-la-presentation-de-marie.org\/pom\/wp-json\/wp\/v2\/posts\/11393"}],"collection":[{"href":"https:\/\/soeurs-de-la-presentation-de-marie.org\/pom\/wp-json\/wp\/v2\/posts"}],"about":[{"href":"https:\/\/soeurs-de-la-presentation-de-marie.org\/pom\/wp-json\/wp\/v2\/types\/post"}],"author":[{"embeddable":true,"href":"https:\/\/soeurs-de-la-presentation-de-marie.org\/pom\/wp-json\/wp\/v2\/users\/6"}],"replies":[{"embeddable":true,"href":"https:\/\/soeurs-de-la-presentation-de-marie.org\/pom\/wp-json\/wp\/v2\/comments?post=11393"}],"version-history":[{"count":5,"href":"https:\/\/soeurs-de-la-presentation-de-marie.org\/pom\/wp-json\/wp\/v2\/posts\/11393\/revisions"}],"predecessor-version":[{"id":11415,"href":"https:\/\/soeurs-de-la-presentation-de-marie.org\/pom\/wp-json\/wp\/v2\/posts\/11393\/revisions\/11415"}],"wp:featuredmedia":[{"embeddable":true,"href":"https:\/\/soeurs-de-la-presentation-de-marie.org\/pom\/wp-json\/wp\/v2\/media\/11359"}],"wp:attachment":[{"href":"https:\/\/soeurs-de-la-presentation-de-marie.org\/pom\/wp-json\/wp\/v2\/media?parent=11393"}],"wp:term":[{"taxonomy":"category","embeddable":true,"href":"https:\/\/soeurs-de-la-presentation-de-marie.org\/pom\/wp-json\/wp\/v2\/categories?post=11393"},{"taxonomy":"post_tag","embeddable":true,"href":"https:\/\/soeurs-de-la-presentation-de-marie.org\/pom\/wp-json\/wp\/v2\/tags?post=11393"}],"curies":[{"name":"wp","href":"https:\/\/api.w.org\/{rel}","templated":true}]}}