{"id":12120,"date":"2020-03-02T16:18:40","date_gmt":"2020-03-02T15:18:40","guid":{"rendered":"http:\/\/soeurs-de-la-presentation-de-marie.org\/pom\/?p=12120"},"modified":"2020-03-02T16:24:28","modified_gmt":"2020-03-02T15:24:28","slug":"aprofundamento-internacional-2020","status":"publish","type":"post","link":"https:\/\/soeurs-de-la-presentation-de-marie.org\/pom\/aprofundamento-internacional-2020\/","title":{"rendered":"APROFUNDAMENTO INTERNACIONAL 2020"},"content":{"rendered":"<p style=\"text-align: center;\"><strong>EIS-ME AQUI!<\/strong><\/p>\n<p>Na segunda-feira, 24 de fevereiro, a comunidade de Castel teve a alegria de acolher seis das nossas jovens irm\u00e3s para um tempo de aprofundamento internacional no cora\u00e7\u00e3o da Congrega\u00e7\u00e3o e no cora\u00e7\u00e3o da Igreja.&nbsp; Durante a sua estadia em Castel e em Fran\u00e7a, aprofundar\u00e3o o tema: <em>Ponhamo-nos juntas, para que a comunh\u00e3o se torne uma realidade!<\/em><\/p>\n<p>Ir. Rom\u00e9lie do Senegal<\/p>\n<p>Ir. &nbsp;Civiane dos Camar\u00f5es<\/p>\n<p>Ir. Christ\u00e8le do Senegal<\/p>\n<p>Ir. Rose do Senegal<\/p>\n<p>Ir. &nbsp;April de Prince Albert<\/p>\n<p>Ir. &nbsp;J\u00e9ssica do Brasil<\/p>\n<p>Ir. Carla de Portugal est\u00e1 tamb\u00e9m connosco como tradutora.<\/p>\n<p>ngg_shortcode_0_placeholder&nbsp;A celebra\u00e7\u00e3o de acolhimento teve lugar na Quarta-feira de Cinzas. Feliz coincid\u00eancia! A Madre Maria dos Anjos deu as boas vindas ao grupo e convidou cada uma a viver este tempo de gra\u00e7a &#8220;com os olhos fixos em Jesus Cristo&#8221;.&nbsp; Jovens e menos jovens, cada uma se comprometeu a sair da sua zona de conforto para melhor acolher a outra e caminharem juntas nesta aventura de f\u00e9.&nbsp;<\/p>\n<p>ngg_shortcode_1_placeholderngg_shortcode_2_placeholderngg_shortcode_3_placeholderSexta-feira, 28 de Fevereiro, um dia em Roma para descobrir a Bas\u00edlica de S\u00e3o Pedro.&nbsp; Esta primeira visita prepara os tempos fortes de peregrina\u00e7\u00e3o que ir\u00e3o viver nas pr\u00f3ximas semanas.<\/p>\n<p>ngg_shortcode_4_placeholderConfiamo-las \u00e0 vossa ora\u00e7\u00e3o e pedimos a Maria, M\u00e3e da Confian\u00e7a, que as guie nesta nova etapa.<\/p>\n","protected":false},"excerpt":{"rendered":"<p>EIS-ME AQUI! Na segunda-feira, 24 de fevereiro, a comunidade de Castel teve a alegria de acolher seis das nossas jovens irm\u00e3s para um tempo de aprofundamento internacional no cora\u00e7\u00e3o da Congrega\u00e7\u00e3o e no cora\u00e7\u00e3o da Igreja.&nbsp; Durante a sua estadia em Castel e em Fran\u00e7a, aprofundar\u00e3o o tema: Ponhamo-nos juntas, para que a comunh\u00e3o se [&hellip;]<\/p>\n","protected":false},"author":6,"featured_media":12081,"comment_status":"closed","ping_status":"closed","sticky":false,"template":"","format":"standard","meta":{"ngg_post_thumbnail":0,"footnotes":""},"categories":[780,549],"tags":[],"lang":"pt","translations":{"pt":12120,"es":12123},"pll_sync_post":{"pt":true,"es":true},"_links":{"self":[{"href":"https:\/\/soeurs-de-la-presentation-de-marie.org\/pom\/wp-json\/wp\/v2\/posts\/12120"}],"collection":[{"href":"https:\/\/soeurs-de-la-presentation-de-marie.org\/pom\/wp-json\/wp\/v2\/posts"}],"about":[{"href":"https:\/\/soeurs-de-la-presentation-de-marie.org\/pom\/wp-json\/wp\/v2\/types\/post"}],"author":[{"embeddable":true,"href":"https:\/\/soeurs-de-la-presentation-de-marie.org\/pom\/wp-json\/wp\/v2\/users\/6"}],"replies":[{"embeddable":true,"href":"https:\/\/soeurs-de-la-presentation-de-marie.org\/pom\/wp-json\/wp\/v2\/comments?post=12120"}],"version-history":[{"count":4,"href":"https:\/\/soeurs-de-la-presentation-de-marie.org\/pom\/wp-json\/wp\/v2\/posts\/12120\/revisions"}],"predecessor-version":[{"id":12125,"href":"https:\/\/soeurs-de-la-presentation-de-marie.org\/pom\/wp-json\/wp\/v2\/posts\/12120\/revisions\/12125"}],"wp:featuredmedia":[{"embeddable":true,"href":"https:\/\/soeurs-de-la-presentation-de-marie.org\/pom\/wp-json\/wp\/v2\/media\/12081"}],"wp:attachment":[{"href":"https:\/\/soeurs-de-la-presentation-de-marie.org\/pom\/wp-json\/wp\/v2\/media?parent=12120"}],"wp:term":[{"taxonomy":"category","embeddable":true,"href":"https:\/\/soeurs-de-la-presentation-de-marie.org\/pom\/wp-json\/wp\/v2\/categories?post=12120"},{"taxonomy":"post_tag","embeddable":true,"href":"https:\/\/soeurs-de-la-presentation-de-marie.org\/pom\/wp-json\/wp\/v2\/tags?post=12120"}],"curies":[{"name":"wp","href":"https:\/\/api.w.org\/{rel}","templated":true}]}}