{"id":12385,"date":"2020-03-08T16:05:28","date_gmt":"2020-03-08T15:05:28","guid":{"rendered":"http:\/\/soeurs-de-la-presentation-de-marie.org\/pom\/?p=12385"},"modified":"2020-03-08T16:05:28","modified_gmt":"2020-03-08T15:05:28","slug":"aprofundamento-2020","status":"publish","type":"post","link":"https:\/\/soeurs-de-la-presentation-de-marie.org\/pom\/aprofundamento-2020\/","title":{"rendered":"Aprofundamento 2020"},"content":{"rendered":"<h3 style=\"text-align: center;\"><em>Segunda semana : <\/em>INTERNACIONALIDADE<\/h3>\n<p>Nesta segunda semana desenvolvemos juntas o tema da internacionalidade. Viver a internacionalidade \u00e9 promover a \u201ccultur a do encontro\u201d, encontro de diferentes povos, l\u00ednguas, etnias, culturas, gera\u00e7\u00f5es, modos de ser e de pensar. \u00c9 um verdadeiro testemunho de unidade, baseada na escuta, na compreens\u00e3o, no respeito, que nos enriquece mutuamente.<\/p>\n<p>\u201cPonhamo-nos juntas!\u201d Eis as palavras da nossa fundadora Maria Rivier que continuam a ser verdade para n\u00f3s, hoje. Estamos juntas para acolher as nossas diferen\u00e7as, partilhar as nossas riquezas interiores, partilhar os nossos dons e experi\u00eancias. Estamos juntas para fortalecer os nossos la\u00e7os na Apresenta\u00e7\u00e3o de Maria e alargar o nosso cora\u00e7\u00e3o \u00e0s dimens\u00f5es do mundo.<\/p>\n<p>Neste elo de comunh\u00e3o, tornamo-nos peregrinas. Na quinta feira peregrinamos ao cora\u00e7\u00e3o da Igreja, \u00e0 Bas\u00edlica de S. Pedro, para conhecer e tocar as fontes da nossa f\u00e9 e fazer a experi\u00eancia espiritual da nossa alian\u00e7a de amor com Cristo.<\/p>\n<p>Terminamos a semana com o in\u00edcio do estudo do cap\u00edtulo vida comunit\u00e1ria da nossa Regra de Vida. Sim, \u00e9 por causa de Jesus Cristo que estamos juntas, hoje como ontem.<\/p>\nngg_shortcode_0_placeholder\n","protected":false},"excerpt":{"rendered":"<p>Segunda semana : INTERNACIONALIDADE Nesta segunda semana desenvolvemos juntas o tema da internacionalidade. Viver a internacionalidade \u00e9 promover a \u201ccultur a do encontro\u201d, encontro de diferentes povos, l\u00ednguas, etnias, culturas, gera\u00e7\u00f5es, modos de ser e de pensar. \u00c9 um verdadeiro testemunho de unidade, baseada na escuta, na compreens\u00e3o, no respeito, que nos enriquece mutuamente. \u201cPonhamo-nos [&hellip;]<\/p>\n","protected":false},"author":6,"featured_media":12371,"comment_status":"closed","ping_status":"closed","sticky":false,"template":"","format":"standard","meta":{"ngg_post_thumbnail":0,"footnotes":""},"categories":[549],"tags":[],"lang":"pt","translations":{"pt":12385},"pll_sync_post":[],"_links":{"self":[{"href":"https:\/\/soeurs-de-la-presentation-de-marie.org\/pom\/wp-json\/wp\/v2\/posts\/12385"}],"collection":[{"href":"https:\/\/soeurs-de-la-presentation-de-marie.org\/pom\/wp-json\/wp\/v2\/posts"}],"about":[{"href":"https:\/\/soeurs-de-la-presentation-de-marie.org\/pom\/wp-json\/wp\/v2\/types\/post"}],"author":[{"embeddable":true,"href":"https:\/\/soeurs-de-la-presentation-de-marie.org\/pom\/wp-json\/wp\/v2\/users\/6"}],"replies":[{"embeddable":true,"href":"https:\/\/soeurs-de-la-presentation-de-marie.org\/pom\/wp-json\/wp\/v2\/comments?post=12385"}],"version-history":[{"count":2,"href":"https:\/\/soeurs-de-la-presentation-de-marie.org\/pom\/wp-json\/wp\/v2\/posts\/12385\/revisions"}],"predecessor-version":[{"id":12387,"href":"https:\/\/soeurs-de-la-presentation-de-marie.org\/pom\/wp-json\/wp\/v2\/posts\/12385\/revisions\/12387"}],"wp:featuredmedia":[{"embeddable":true,"href":"https:\/\/soeurs-de-la-presentation-de-marie.org\/pom\/wp-json\/wp\/v2\/media\/12371"}],"wp:attachment":[{"href":"https:\/\/soeurs-de-la-presentation-de-marie.org\/pom\/wp-json\/wp\/v2\/media?parent=12385"}],"wp:term":[{"taxonomy":"category","embeddable":true,"href":"https:\/\/soeurs-de-la-presentation-de-marie.org\/pom\/wp-json\/wp\/v2\/categories?post=12385"},{"taxonomy":"post_tag","embeddable":true,"href":"https:\/\/soeurs-de-la-presentation-de-marie.org\/pom\/wp-json\/wp\/v2\/tags?post=12385"}],"curies":[{"name":"wp","href":"https:\/\/api.w.org\/{rel}","templated":true}]}}