{"id":12632,"date":"2020-03-23T22:32:38","date_gmt":"2020-03-23T21:32:38","guid":{"rendered":"http:\/\/soeurs-de-la-presentation-de-marie.org\/pom\/?p=12632"},"modified":"2020-03-24T19:57:28","modified_gmt":"2020-03-24T18:57:28","slug":"aprofundamento-2020-3","status":"publish","type":"post","link":"https:\/\/soeurs-de-la-presentation-de-marie.org\/pom\/aprofundamento-2020-3\/","title":{"rendered":"Aprofundamento 2020"},"content":{"rendered":"<h3 style=\"text-align: center;\">&#8220;N\u00e3o \u00e9 um esp\u00edrito de medo que recebestes, mas um Esp\u00edrito de for\u00e7a&#8221;. 2 Tm 1,7<\/h3>\n<p>Com a psicose crescente da pandemia, estamos mantendo a f\u00e9 e continuamos o nosso caminho.&nbsp; As nossas peregrina\u00e7\u00f5es s\u00e3o suspensas, por isso aproveitamos a oportunidade para nos enraizarmos mais profundamente no esp\u00edrito da nossa Regra de Vida.<\/p>\n<p>Esta semana vimos o tema &#8220;as exig\u00eancias da vida comunit\u00e1ria&#8221; atrav\u00e9s dos n\u00fameros C91 &#8211; C95.&nbsp; Estes n\u00fameros convidam-nos a valorizar o nosso amor pela comunidade e pelas nossas irm\u00e3s.&nbsp; Concretamente, atrav\u00e9s do nosso compromisso sem reservas com a comunidade, pelo exerc\u00edcio da caridade umas para com as outras: rezar e dar gra\u00e7as por todas, partilhar as tristezas e alegrias das nossas irm\u00e3s, apoiar-nos mutuamente nos nossos momentos sombrios, quando o nosso SIM a Deus \u00e9 posto \u00e0 prova, quando o nosso zelo vacila. Como comunidade, somos tamb\u00e9m convidadas a celebrar o Domingo, o Dia do Senhor, de uma forma alegre &#8211; desde a liturgia at\u00e9 aos nossos momentos de descontrac\u00e7\u00e3o.&nbsp; Tudo isto na maior simplicidade que nos caracteriza e no nosso ardente esp\u00edrito de fam\u00edlia&#8230; no final, s\u00f3 o amor permanecer\u00e1. (1 Cor 13,13)&nbsp; &nbsp;<\/p>\n<p>ngg_shortcode_0_placeholderngg_shortcode_1_placeholderOnde Maria \u00e9 imitada e amada, Jos\u00e9 \u00e9 honrado.&nbsp; No dia 19 de mar\u00e7o, celebramos S\u00e3o Jos\u00e9.&nbsp; Juntamente com toda a comunidade, marcamos este dia com uma prociss\u00e3o de ora\u00e7\u00e3o da tarde, da Casa Geral \u00e0 Casa de S\u00e3o Jos\u00e9. Ali partilh\u00e1mos um lanche e a alegria de estarmos juntas.&nbsp; No dia anterior, S\u00e3o Jos\u00e9 tinha preparado uma mensagem para cada uma:&nbsp; uma de suas virtudes.&nbsp; Duas delas estavam particularmente destinados: \u00e0 nossa fam\u00edlia religiosa &#8211; o zelo&nbsp;;&nbsp; e ao nosso mundo &#8211; a miseric\u00f3rdia.&nbsp; Neste momento, que leitura estamos convidadas a fazer?<\/p>\n<p>ngg_shortcode_2_placeholder\u00c0 noite, \u00e0s 21 horas, unimo-nos ao mundo inteiro para rezar o ter\u00e7o com o Papa Francisco, pedindo ao Senhor, atrav\u00e9s das m\u00e3os da Virgem Maria, que livre a nossa terra do coronav\u00edrus.<\/p>\n<p>N\u00f3s permanecemos unidas pela ora\u00e7\u00e3o.<\/p>\n","protected":false},"excerpt":{"rendered":"<p>&#8220;N\u00e3o \u00e9 um esp\u00edrito de medo que recebestes, mas um Esp\u00edrito de for\u00e7a&#8221;. 2 Tm 1,7 Com a psicose crescente da pandemia, estamos mantendo a f\u00e9 e continuamos o nosso caminho.&nbsp; As nossas peregrina\u00e7\u00f5es s\u00e3o suspensas, por isso aproveitamos a oportunidade para nos enraizarmos mais profundamente no esp\u00edrito da nossa Regra de Vida. Esta semana [&hellip;]<\/p>\n","protected":false},"author":6,"featured_media":12620,"comment_status":"closed","ping_status":"closed","sticky":false,"template":"","format":"standard","meta":{"ngg_post_thumbnail":0,"footnotes":""},"categories":[549],"tags":[],"lang":"pt","translations":{"pt":12632,"es":12635},"pll_sync_post":{"pt":true,"es":true},"_links":{"self":[{"href":"https:\/\/soeurs-de-la-presentation-de-marie.org\/pom\/wp-json\/wp\/v2\/posts\/12632"}],"collection":[{"href":"https:\/\/soeurs-de-la-presentation-de-marie.org\/pom\/wp-json\/wp\/v2\/posts"}],"about":[{"href":"https:\/\/soeurs-de-la-presentation-de-marie.org\/pom\/wp-json\/wp\/v2\/types\/post"}],"author":[{"embeddable":true,"href":"https:\/\/soeurs-de-la-presentation-de-marie.org\/pom\/wp-json\/wp\/v2\/users\/6"}],"replies":[{"embeddable":true,"href":"https:\/\/soeurs-de-la-presentation-de-marie.org\/pom\/wp-json\/wp\/v2\/comments?post=12632"}],"version-history":[{"count":5,"href":"https:\/\/soeurs-de-la-presentation-de-marie.org\/pom\/wp-json\/wp\/v2\/posts\/12632\/revisions"}],"predecessor-version":[{"id":12652,"href":"https:\/\/soeurs-de-la-presentation-de-marie.org\/pom\/wp-json\/wp\/v2\/posts\/12632\/revisions\/12652"}],"wp:featuredmedia":[{"embeddable":true,"href":"https:\/\/soeurs-de-la-presentation-de-marie.org\/pom\/wp-json\/wp\/v2\/media\/12620"}],"wp:attachment":[{"href":"https:\/\/soeurs-de-la-presentation-de-marie.org\/pom\/wp-json\/wp\/v2\/media?parent=12632"}],"wp:term":[{"taxonomy":"category","embeddable":true,"href":"https:\/\/soeurs-de-la-presentation-de-marie.org\/pom\/wp-json\/wp\/v2\/categories?post=12632"},{"taxonomy":"post_tag","embeddable":true,"href":"https:\/\/soeurs-de-la-presentation-de-marie.org\/pom\/wp-json\/wp\/v2\/tags?post=12632"}],"curies":[{"name":"wp","href":"https:\/\/api.w.org\/{rel}","templated":true}]}}