{"id":12878,"date":"2020-04-04T19:34:07","date_gmt":"2020-04-04T17:34:07","guid":{"rendered":"http:\/\/soeurs-de-la-presentation-de-marie.org\/pom\/?p=12758"},"modified":"2020-04-14T09:59:18","modified_gmt":"2020-04-14T07:59:18","slug":"12760-2","status":"publish","type":"post","link":"https:\/\/soeurs-de-la-presentation-de-marie.org\/pom\/12760-2\/","title":{"rendered":"Echos de la Mission : Province de France"},"content":{"rendered":"<h2>&nbsp;<\/h2>\n<h2 style=\"text-align: center;\">T\u00e9moignage de vie : <strong><em>Patrick Talom<\/em><\/strong><\/h2>\n<p><strong><em>Patrick Talom, jeune Camerounais vient de r\u00e9ussir son Bac, il va le f\u00eater en famille\u2026 un chauffeur le prend en voiture\u2026 et c\u2019est l\u2019accident.&nbsp; P<\/em><\/strong><strong><em>aralys\u00e9 des deux jambes\u2026 \u00e0 20 ans il ne marchera plus.<\/em><\/strong><\/p>\n<p><strong>Son secret&nbsp;: l\u2019Amour du Seigneur. <\/strong>&nbsp;Il se pr\u00e9parait \u00e0 faire une ann\u00e9e de discernement pour entrer au s\u00e9minaire. La vie lui a fait prendre une autre route&nbsp;: celle de la souffrance. Mais on dirait qu\u2019il va plus vite que nous sur le chemin de la V\u00e9rit\u00e9, de la Vie, de l\u2019Amour\u2026 Sa joie de vivre est communicative et elle nous entraine vers l\u2019Essentiel&nbsp;! Merci<\/p>\n<p><strong>&nbsp;<\/strong><strong>Car\u00eame &#8211; Rencontre Marie Rivier <\/strong><\/p>\n<p><strong>Belle rencontre interg\u00e9n\u00e9rationnelle<br \/>\nCe vendredi 06 mars 2020, au Centre Paroissial de L\u00e9zignan, plus de 60 personnes et une quinzaine de jeunes ont accueilli Patrick TALOM et S\u0153ur Marie Marc avec les Fraternit\u00e9s Marie-Rivier.<br \/>\n\u00c9taient pr\u00e9sents :<br \/>\n\u2022 Des membres des deux Fraternit\u00e9s Marie Rivier<br \/>\n\u2022 Des parents de jeunes des Aum\u00f4neries de L\u00e9zignan et Fontcouverte<br \/>\n\u2022 Des Animateurs d\u2019Aum\u00f4neries<br \/>\n\u2022 Deux pr\u00eatres et des religieuses<br \/>\n\u2022 Des paroissiens de plusieurs villages<br \/>\nVivons le Car\u00eame 2020 et n\u2019oublions pas la joie de vivre et de croire de Patrick en fauteuil roulant.<br \/>\nP\u00e8re Andr\u00e9 Vergnes<\/strong><\/p>\n<p><em>Quelle joie d\u2019avoir pu participer \u00e0 la rencontre de la Fraternit\u00e9 avec Patrick TALOM\u2026 en rentrant chez moi, j\u2019entendais encore ce rire franc qui termine le r\u00e9cit des divers obstacles rencontr\u00e9s tous les jours et sa joie de vivre. Je continue de penser que Dieu l\u2019a choisi, il accepte son handicap, non pas avec r\u00e9signation, mais comme un moyen de s\u2019oublier pour penser aux autres, il d\u00e9gage une s\u00e9r\u00e9nit\u00e9 qui enveloppe et impr\u00e8gne.&nbsp;<\/em><em>Patrick est un mod\u00e8le et un exemple et il est le t\u00e9moignage vivant que nous ne sommes pas abandonn\u00e9s. Je penserai souvent \u00e0 lui. Voil\u00e0 en quelques mots, ce que j\u2019ai ressenti apr\u00e8s la r\u00e9union.&nbsp; &#8211; Lucette &#8211;<\/em><\/p>\n<p>ngg_shortcode_0_placeholder<em>&nbsp;<\/em>Patrick, ou la joie de vivre\u2026<\/p>\n<p>\u00ab&nbsp;Ma carte d\u2019identit\u00e9 c\u2019est mon fauteuil roulant.&nbsp;\u00bb<\/p>\n<p>\u00ab&nbsp;Ma vie a pris mes jambes, mais elle ne prendra pas mon sourire.&nbsp;\u00bb<\/p>\n<p>Quelle joie d\u2019entendre ces mots o\u00f9 le handicap devient presque secondaire tellement Patrick a envie de proclamer haut et fort l\u2019Amour du Seigneur qui le fait vivre. Ouf&nbsp;! on l\u2019\u00e9coute et on vit avec \u00e9motion son chemin.<\/p>\n<p>Il se pr\u00e9pare \u00e0 faire 750 km au Cameroun sur son fauteuil roulant pour sensibiliser les gens au danger de la vitesse.<\/p>\n<p>ngg_shortcode_1_placeholder\u00c0 la fin de son t\u00e9moignage, il dit avez-vous des questions, et une jeune de 14 ans r\u00e9pond, je n\u2019ai pas de question, mais je veux vous dire que je vis des choses tr\u00e8s difficiles et votre t\u00e9moignage me donne du courage&nbsp;! Patrick tu ne serais venu que pour cette jeune, ton voyage n\u2019\u00e9tait pas inutile\u2026<\/p>\n<p>Je vois Dominique qui \u00e9tait \u00e0 c\u00f4t\u00e9 de toi sur son fauteuil roulant, avec \u00e9galement le sourire\u2026 tr\u00e8s handicap\u00e9e elle a parcouru plus de deux mille kilom\u00e8tres sur son fauteuil pour aller \u00e0 Lourdes. Elle aussi sa foi est grande\u2026 Avec ses bras tr\u00e8s tordus, elle se fait attacher des pinceaux et fait de jolis tableaux\u2026 Comme quoi&nbsp;! Elle prend du temps toutes les semaines pour prier avec une amie. Que de signes&nbsp;!<\/p>\n<p>L\u2019Esp\u00e9rance est au c\u0153ur du monde.<\/p>\n<p style=\"text-align: left;\"><strong>&nbsp;<\/strong><\/p>\n","protected":false},"excerpt":{"rendered":"<p>&nbsp; T\u00e9moignage de vie : Patrick Talom Patrick Talom, jeune Camerounais vient de r\u00e9ussir son Bac, il va le f\u00eater en famille\u2026 un chauffeur le prend en voiture\u2026 et c\u2019est l\u2019accident.&nbsp; Paralys\u00e9 des deux jambes\u2026 \u00e0 20 ans il ne marchera plus. Son secret&nbsp;: l\u2019Amour du Seigneur. &nbsp;Il se pr\u00e9parait \u00e0 faire une ann\u00e9e de [&hellip;]<\/p>\n","protected":false},"author":6,"featured_media":12774,"comment_status":"closed","ping_status":"closed","sticky":false,"template":"","format":"standard","meta":{"ngg_post_thumbnail":0,"footnotes":""},"categories":[91],"tags":[],"lang":"en","translations":{"en":12878,"es":12880,"pt":12879,"fr":12887},"pll_sync_post":{"en":true,"fr":true},"_links":{"self":[{"href":"https:\/\/soeurs-de-la-presentation-de-marie.org\/pom\/wp-json\/wp\/v2\/posts\/12878"}],"collection":[{"href":"https:\/\/soeurs-de-la-presentation-de-marie.org\/pom\/wp-json\/wp\/v2\/posts"}],"about":[{"href":"https:\/\/soeurs-de-la-presentation-de-marie.org\/pom\/wp-json\/wp\/v2\/types\/post"}],"author":[{"embeddable":true,"href":"https:\/\/soeurs-de-la-presentation-de-marie.org\/pom\/wp-json\/wp\/v2\/users\/6"}],"replies":[{"embeddable":true,"href":"https:\/\/soeurs-de-la-presentation-de-marie.org\/pom\/wp-json\/wp\/v2\/comments?post=12878"}],"version-history":[{"count":1,"href":"https:\/\/soeurs-de-la-presentation-de-marie.org\/pom\/wp-json\/wp\/v2\/posts\/12878\/revisions"}],"predecessor-version":[{"id":12886,"href":"https:\/\/soeurs-de-la-presentation-de-marie.org\/pom\/wp-json\/wp\/v2\/posts\/12878\/revisions\/12886"}],"wp:featuredmedia":[{"embeddable":true,"href":"https:\/\/soeurs-de-la-presentation-de-marie.org\/pom\/wp-json\/wp\/v2\/media\/12774"}],"wp:attachment":[{"href":"https:\/\/soeurs-de-la-presentation-de-marie.org\/pom\/wp-json\/wp\/v2\/media?parent=12878"}],"wp:term":[{"taxonomy":"category","embeddable":true,"href":"https:\/\/soeurs-de-la-presentation-de-marie.org\/pom\/wp-json\/wp\/v2\/categories?post=12878"},{"taxonomy":"post_tag","embeddable":true,"href":"https:\/\/soeurs-de-la-presentation-de-marie.org\/pom\/wp-json\/wp\/v2\/tags?post=12878"}],"curies":[{"name":"wp","href":"https:\/\/api.w.org\/{rel}","templated":true}]}}