{"id":13678,"date":"2020-05-15T11:12:09","date_gmt":"2020-05-15T09:12:09","guid":{"rendered":"http:\/\/soeurs-de-la-presentation-de-marie.org\/pom\/?p=13678"},"modified":"2020-06-12T20:54:05","modified_gmt":"2020-06-12T18:54:05","slug":"aprofundamento-2020-9","status":"publish","type":"post","link":"https:\/\/soeurs-de-la-presentation-de-marie.org\/pom\/aprofundamento-2020-9\/","title":{"rendered":"APROFUNDAMENTO 2020"},"content":{"rendered":"<h2 style=\"text-align: center;\">Junto de Nossa Senhora da Piedade,<\/h2>\n<h2 style=\"text-align: center;\">na fonte do nosso carisma!<\/h2>\n<p><img loading=\"lazy\" decoding=\"async\" class=\"aligncenter wp-image-13696 size-full\" src=\"https:\/\/soeurs-de-la-presentation-de-marie.org\/pom\/wp-content\/uploads\/2020\/05\/20200506_134203.jpg\" alt=\"\" width=\"900\" height=\"806\"><\/p>\n<p>Esta semana tivemos a alegria de nos reunirmos, como a pequena Marinette, aos p\u00e9s da imagem da Piet\u00e1 de Montpezat. Isto \u00e9, rezar com Maria Rivier pedindo, como ela, a cura. Sabem que, quando Maria Rivier (conhecida como &#8220;Marinette&#8221;) tinha menos de dois anos, sofreu uma queda que a impediu de andar. A m\u00e3e da Marinette, cheia de f\u00e9, deixava muitas vezes a sua doente aos p\u00e9s de Nossa Senhora da Piedade.&nbsp; Vendo a f\u00e9 da m\u00e3e, a pequena Marinette encheu-se da firme confian\u00e7a de que a &#8220;<em>Senhora<\/em> <em>da Capela<\/em><em> me curar\u00e1!<\/em>\u201d. Todos os dias pede para ser levada para a capela diante da Piet\u00e1 e diz: <em>&#8220;Hoje<\/em> <em>serei curada e voltarei sozinha.&#8221;<\/em> &nbsp;Embora o seu pedido pare\u00e7a ter sido recusado durante quatro anos, a sua confian\u00e7a permanece inabal\u00e1vel. Foi durante estes quatro anos a&nbsp;os p\u00e9s da Piet\u00e1 que Marinette recebeu um conhecimento interior e um amor ardente a Jesus e a Maria, Sua M\u00e3e. &nbsp;E quando foi curada a 8 de setembro de 1774, come\u00e7ou, &nbsp;&nbsp;com toda a sua energia, &nbsp;&nbsp;a manter a sua promessa \u00e0 Virgem e a reunir os mais pequenos e a ensin\u00e1-los a amar Jesus Cristo.&nbsp;<\/p>\n<p>ngg_shortcode_0_placeholderEsta semana foi a nossa vez de pedir a cura e a gra\u00e7a das nossas origens. Tempos de sil\u00eancio em frente \u00e0 imagem da Piet\u00e1, ter\u00e7os, cartas escritas \u00e0 Virgem Maria, tudo isto fez parte dos v\u00e1rios convites para nos fazer presentes a este mist\u00e9rio e para nos abrirmos \u00e0s gra\u00e7as oferecidas pela intercess\u00e3o de Maria, para n\u00f3s e para toda a Congrega\u00e7\u00e3o. A Madre Maria dos Anjos nos seus encontros convidou-nos a meditar sobre a nossa identidade e espiritualidade mariana. Atrav\u00e9s&nbsp;dos escritos das nossas Superioras Gerais desde o in\u00edcio at\u00e9 aos nossos dias, vimos como a nossa Congrega\u00e7\u00e3o sempre depositou a sua confian\u00e7a na Virgem Maria para tudo. Meditamos tamb\u00e9m no papel \u00fanico de Maria na hist\u00f3ria universal da salva\u00e7\u00e3o e nas Sagradas Escrituras.<\/p>\n<p>ngg_shortcode_1_placeholderUma celebra\u00e7\u00e3o na gruta do jardim permitiu que cada uma oferecesse a Maria, de uma forma simb\u00f3lica, as inten\u00e7\u00f5es que trazia no seu cora\u00e7\u00e3o.&nbsp; A Madre Maria dos Anjos deu a cada uma um pequeno sino para que pudesse seguir o exemplo de Marie Rivier, que muitas vezes tocava o seu sino dizendo: <em>&#8220;Minha<\/em><em> boa <\/em><em>M\u00e3e, venha rapidamente ajudar-me!\u201d.<\/em><\/p>\n<p>Podemos agora reafirmar, com confian\u00e7a inabal\u00e1vel, que somos filhas de Maria, que ela \u00e9 a inspiradora e a primeira Superiora da nossa Congrega\u00e7\u00e3o. Ao longo da nossa hist\u00f3ria, foi ela que tudo fez e continuar\u00e1 a sua obra entre n\u00f3s para a gl\u00f3ria de Deus. Como Maria Rivier, continuemos a fazer tudo &#8220;\u00e0 custa de ter\u00e7os&#8221;!<\/p>\n<h3 style=\"text-align: center;\">TUDO por Deus, TUDO pelo Santo Amor, TUDO com a Virgem Maria!<\/h3>\nngg_shortcode_2_placeholder\n","protected":false},"excerpt":{"rendered":"<p>Junto de Nossa Senhora da Piedade, na fonte do nosso carisma! Esta semana tivemos a alegria de nos reunirmos, como a pequena Marinette, aos p\u00e9s da imagem da Piet\u00e1 de Montpezat. Isto \u00e9, rezar com Maria Rivier pedindo, como ela, a cura. Sabem que, quando Maria Rivier (conhecida como &#8220;Marinette&#8221;) tinha menos de dois anos, [&hellip;]<\/p>\n","protected":false},"author":6,"featured_media":13709,"comment_status":"closed","ping_status":"closed","sticky":false,"template":"","format":"standard","meta":{"ngg_post_thumbnail":0,"footnotes":""},"categories":[549],"tags":[],"lang":"pt","translations":{"pt":13678},"pll_sync_post":[],"_links":{"self":[{"href":"https:\/\/soeurs-de-la-presentation-de-marie.org\/pom\/wp-json\/wp\/v2\/posts\/13678"}],"collection":[{"href":"https:\/\/soeurs-de-la-presentation-de-marie.org\/pom\/wp-json\/wp\/v2\/posts"}],"about":[{"href":"https:\/\/soeurs-de-la-presentation-de-marie.org\/pom\/wp-json\/wp\/v2\/types\/post"}],"author":[{"embeddable":true,"href":"https:\/\/soeurs-de-la-presentation-de-marie.org\/pom\/wp-json\/wp\/v2\/users\/6"}],"replies":[{"embeddable":true,"href":"https:\/\/soeurs-de-la-presentation-de-marie.org\/pom\/wp-json\/wp\/v2\/comments?post=13678"}],"version-history":[{"count":33,"href":"https:\/\/soeurs-de-la-presentation-de-marie.org\/pom\/wp-json\/wp\/v2\/posts\/13678\/revisions"}],"predecessor-version":[{"id":14246,"href":"https:\/\/soeurs-de-la-presentation-de-marie.org\/pom\/wp-json\/wp\/v2\/posts\/13678\/revisions\/14246"}],"wp:featuredmedia":[{"embeddable":true,"href":"https:\/\/soeurs-de-la-presentation-de-marie.org\/pom\/wp-json\/wp\/v2\/media\/13709"}],"wp:attachment":[{"href":"https:\/\/soeurs-de-la-presentation-de-marie.org\/pom\/wp-json\/wp\/v2\/media?parent=13678"}],"wp:term":[{"taxonomy":"category","embeddable":true,"href":"https:\/\/soeurs-de-la-presentation-de-marie.org\/pom\/wp-json\/wp\/v2\/categories?post=13678"},{"taxonomy":"post_tag","embeddable":true,"href":"https:\/\/soeurs-de-la-presentation-de-marie.org\/pom\/wp-json\/wp\/v2\/tags?post=13678"}],"curies":[{"name":"wp","href":"https:\/\/api.w.org\/{rel}","templated":true}]}}