{"id":14189,"date":"2020-06-06T18:25:22","date_gmt":"2020-06-06T16:25:22","guid":{"rendered":"http:\/\/soeurs-de-la-presentation-de-marie.org\/pom\/?p=14189"},"modified":"2020-06-12T20:54:44","modified_gmt":"2020-06-12T18:54:44","slug":"aprofundamento-2020-8","status":"publish","type":"post","link":"https:\/\/soeurs-de-la-presentation-de-marie.org\/pom\/aprofundamento-2020-8\/","title":{"rendered":"Aprofundamento 2020"},"content":{"rendered":"<p>&nbsp;<\/p>\n<h3 style=\"text-align: center;\"><strong>\u00daLTIMA SEMANA DE MAIO<\/strong><\/h3>\n<p>No dia 23 de Maio, celebr\u00e1mos Maria Rivier com uma sess\u00e3o bem preparada que nos mostrou o in\u00edcio da nossa Congrega\u00e7\u00e3o e como o <em>\u00abJuntemo-nos\u00bb<\/em> bem vivido se tornou uma profecia que agora se cumpriu: <em>\u00abUm dia, as minhas filhas atravessar\u00e3o os mares!\u00bb<\/em><\/p>\n<p>ngg_shortcode_0_placeholderA \u00faltima semana de Maio foi vivida como um tempo especial e inesquec\u00edvel. Revisit\u00e1mos o tema da fidelidade ao nosso compromisso. A Ir. Claudette convidou-nos a tomar consci\u00eancia de que a palavra <strong>para sempre, dura muito tempo<\/strong> e que a sua finalidade acontecer\u00e1 no dia do nosso novo nascimento, quando tivermos a gra\u00e7a de ver o Amado face a face na gl\u00f3ria. Ela convidou-nos a n\u00e3o ter medo das decep\u00e7\u00f5es nas nossas vidas, porque elas ajudam-nos a viver a nossa escolha com amor e grande alegria.<\/p>\n<p>Al\u00e9m disso, o Padre Ska deu-nos uma introdu\u00e7\u00e3o geral \u00e0 B\u00edblia para melhor compreendermos e colocarmos em perspectiva o Antigo Testamento. Ele apontou algumas contradi\u00e7\u00f5es na B\u00edblia a fim de nos ajudar a evitar o fundamentalismo e deu-nos orienta\u00e7\u00f5es para a sua leitura como um todo, e assim compreendermos o sentido no seu contexto para uma verdadeira evangeliza\u00e7\u00e3o.<\/p>\n<p>ngg_shortcode_1_placeholderPor ocasi\u00e3o da celebra\u00e7\u00e3o do Pentecostes, tivemos uma tarde cultural, destacando a beleza da diversidade das nossas culturas, o que faz a nossa riqueza.<\/p>\n<p>ngg_shortcode_2_placeholderComo a Ir. April dever\u00e1 voltar ao Canad\u00e1 no in\u00edcio de Junho para o seu trabalho, tivemos uma bela celebra\u00e7\u00e3o na presen\u00e7a da Madre Maria dos Anjos, durante a qual agradecemos ao Senhor e \u00e0 sua boa M\u00e3e por todas as gra\u00e7as recebidas durante os nossos tr\u00eas meses em Castel.&nbsp; Esta celebra\u00e7\u00e3o convidou-nos a rever a nossa experi\u00eancia de grupo para agradecer todas as alegrias e a entregar \u00e0 miseric\u00f3rdia de Deus tudo o que n\u00e3o foi t\u00e3o edificante. Rez\u00e1mos palavras de b\u00ean\u00e7\u00e3o umas sobre as outras. Finalmente, agradecemos \u00e0s nossas irm\u00e3s que nos guiaram com muito amor e dinamismo durante todos estes meses de Aprofundamento.&nbsp;<\/p>\nngg_shortcode_3_placeholder\n","protected":false},"excerpt":{"rendered":"<p>&nbsp; \u00daLTIMA SEMANA DE MAIO No dia 23 de Maio, celebr\u00e1mos Maria Rivier com uma sess\u00e3o bem preparada que nos mostrou o in\u00edcio da nossa Congrega\u00e7\u00e3o e como o \u00abJuntemo-nos\u00bb bem vivido se tornou uma profecia que agora se cumpriu: \u00abUm dia, as minhas filhas atravessar\u00e3o os mares!\u00bb A \u00faltima semana de Maio foi vivida [&hellip;]<\/p>\n","protected":false},"author":6,"featured_media":14165,"comment_status":"closed","ping_status":"closed","sticky":false,"template":"","format":"standard","meta":{"ngg_post_thumbnail":0,"footnotes":""},"categories":[549,606],"tags":[],"lang":"pt","translations":{"pt":14189,"es":14201},"pll_sync_post":{"pt":true,"es":true},"_links":{"self":[{"href":"https:\/\/soeurs-de-la-presentation-de-marie.org\/pom\/wp-json\/wp\/v2\/posts\/14189"}],"collection":[{"href":"https:\/\/soeurs-de-la-presentation-de-marie.org\/pom\/wp-json\/wp\/v2\/posts"}],"about":[{"href":"https:\/\/soeurs-de-la-presentation-de-marie.org\/pom\/wp-json\/wp\/v2\/types\/post"}],"author":[{"embeddable":true,"href":"https:\/\/soeurs-de-la-presentation-de-marie.org\/pom\/wp-json\/wp\/v2\/users\/6"}],"replies":[{"embeddable":true,"href":"https:\/\/soeurs-de-la-presentation-de-marie.org\/pom\/wp-json\/wp\/v2\/comments?post=14189"}],"version-history":[{"count":3,"href":"https:\/\/soeurs-de-la-presentation-de-marie.org\/pom\/wp-json\/wp\/v2\/posts\/14189\/revisions"}],"predecessor-version":[{"id":14247,"href":"https:\/\/soeurs-de-la-presentation-de-marie.org\/pom\/wp-json\/wp\/v2\/posts\/14189\/revisions\/14247"}],"wp:featuredmedia":[{"embeddable":true,"href":"https:\/\/soeurs-de-la-presentation-de-marie.org\/pom\/wp-json\/wp\/v2\/media\/14165"}],"wp:attachment":[{"href":"https:\/\/soeurs-de-la-presentation-de-marie.org\/pom\/wp-json\/wp\/v2\/media?parent=14189"}],"wp:term":[{"taxonomy":"category","embeddable":true,"href":"https:\/\/soeurs-de-la-presentation-de-marie.org\/pom\/wp-json\/wp\/v2\/categories?post=14189"},{"taxonomy":"post_tag","embeddable":true,"href":"https:\/\/soeurs-de-la-presentation-de-marie.org\/pom\/wp-json\/wp\/v2\/tags?post=14189"}],"curies":[{"name":"wp","href":"https:\/\/api.w.org\/{rel}","templated":true}]}}