{"id":20341,"date":"2021-05-01T15:04:57","date_gmt":"2021-05-01T13:04:57","guid":{"rendered":"http:\/\/soeurs-de-la-presentation-de-marie.org\/pom\/?p=20341"},"modified":"2021-04-12T19:56:34","modified_gmt":"2021-04-12T17:56:34","slug":"mensagem-do-papa-francisco","status":"publish","type":"post","link":"https:\/\/soeurs-de-la-presentation-de-marie.org\/pom\/mensagem-do-papa-francisco\/","title":{"rendered":"MENSAGEM DO PAPA FRANCISCO"},"content":{"rendered":"<p>&nbsp;<\/p>\n<h1 align=\"center\"><span style=\"color: #663300;\"><i><b><span style=\"font-size: large;\">M<span style=\"color: #993300;\">ENSAGEM DO PAPA FRANCISCO<\/span><br \/>\n<span style=\"color: #993300;\">PARA O LV DIA MUNDIAL DAS COMUNICA\u00c7\u00d5ES SOCIAIS<\/span><\/span><\/b><\/i><\/span><\/h1>\n<h2 style=\"text-align: center;\"><span style=\"color: #993300;\">maio 16, 2021<\/span><\/h2>\n<p>&nbsp;<\/p>\n<h2 align=\"center\"><span style=\"color: #993300;\"><b><i>\u201cVem e ver\u00e1s\u201d (<\/i>Jo<i> 1, 46)<\/i><\/b><\/span><\/h2>\n<p><span style=\"color: #993300;\"><b><i> Comunicar encontrando as pessoas onde est\u00e3o e como s\u00e3o\u00bb<\/i><\/b><\/span><\/p>\n<p><i>ueridos irm\u00e3os e irm\u00e3s!<\/i><\/p>\n<p>O convite a \u00abir e ver\u00bb, que acompanha os primeiros e comovedores encontros de Jesus com os disc\u00edpulos, \u00e9 tamb\u00e9m o m\u00e9todo de toda a comunica\u00e7\u00e3o humana aut\u00eantica. Para poder contar a verdade da vida que se faz hist\u00f3ria (cf.&nbsp;<i><a href=\"http:\/\/www.vatican.va\/content\/francesco\/pt\/messages\/communications\/documents\/papa-francesco_20200124_messaggio-comunicazioni-sociali.html\">Mensagem para o LIV Dia Mundial das Comunica\u00e7\u00f5es Sociais<\/a><\/i>, 24 de janeiro de 2020), \u00e9 necess\u00e1rio sair da presun\u00e7\u00e3o c\u00f3moda do \u00abj\u00e1 sabido\u00bb e mover-se, ir ver, estar com as pessoas, ouvi-las, recolher as sugest\u00f5es da realidade, que nunca deixar\u00e1 de nos surpreender em algum dos seus aspetos. \u00abAbre, maravilhado, os olhos ao que vires e deixa as tuas m\u00e3os cumular-se do vigor da seiva, de tal modo que os outros possam, ao ler-te, tocar com as m\u00e3os o milagre palpitante da vida\u00bb: aconselhava o Beato Manuel Lozano Garrido<a title=\"\" href=\"http:\/\/www.vatican.va\/content\/francesco\/pt\/messages\/communications\/documents\/papa-francesco_20210123_messaggio-comunicazioni-sociali.html#_ftn1\" name=\"_ftnref1\">[1]<\/a>&nbsp;aos seus colegas jornalistas. Por isso, este ano, desejo dedicar a Mensagem \u00e0 chamada&nbsp;a \u00abir e ver\u00bb, como sugest\u00e3o para toda a express\u00e3o comunicativa que queira ser transparente e honesta: tanto na reda\u00e7\u00e3o dum jornal como no mundo da&nbsp;<i>web<\/i>, tanto na prega\u00e7\u00e3o comum da Igreja como na comunica\u00e7\u00e3o pol\u00edtica ou social. \u00abVem e ver\u00e1s\u00bb foi o modo como a f\u00e9 crist\u00e3 se comunicou a partir dos primeiros encontros nas margens do rio Jord\u00e3o e do lago da Galileia.<\/p>\n<p style=\"text-align: center;\">&nbsp;<\/p>\n<h2 style=\"text-align: center;\"><a href=\"https:\/\/soeurs-de-la-presentation-de-marie.org\/pom\/wp-content\/uploads\/2021\/04\/papa-francesco_20210123_messagem-comunicazioni-sociali_PORT.pdf\">para ler mais por favor clique: papa-francesco_mensagem-<span style=\"color: #0000ff;\"><em>&nbsp;<\/em><\/span><\/a><a href=\"https:\/\/soeurs-de-la-presentation-de-marie.org\/pom\/wp-content\/uploads\/2021\/04\/papa-francesco_20210123_messagem-comunicazioni-sociali_PORT.pdf\"><span style=\"color: #0000ff;\"><em><b><span style=\"font-size: large;\">COMUNICA\u00c7\u00d5ES SOCIAIS<\/span><\/b><\/em><\/span><\/a><\/h2>\n<h2 style=\"text-align: center;\">&nbsp;<\/h2>\n","protected":false},"excerpt":{"rendered":"<p>&nbsp; MENSAGEM DO PAPA FRANCISCO PARA O LV DIA MUNDIAL DAS COMUNICA\u00c7\u00d5ES SOCIAIS maio 16, 2021 &nbsp; \u201cVem e ver\u00e1s\u201d (Jo 1, 46) Comunicar encontrando as pessoas onde est\u00e3o e como s\u00e3o\u00bb ueridos irm\u00e3os e irm\u00e3s! O convite a \u00abir e ver\u00bb, que acompanha os primeiros e comovedores encontros de Jesus com os disc\u00edpulos, \u00e9 [&hellip;]<\/p>\n","protected":false},"author":6,"featured_media":20329,"comment_status":"closed","ping_status":"closed","sticky":false,"template":"","format":"standard","meta":{"ngg_post_thumbnail":0,"footnotes":""},"categories":[95],"tags":[],"lang":"pt","translations":{"pt":20341},"pll_sync_post":[],"_links":{"self":[{"href":"https:\/\/soeurs-de-la-presentation-de-marie.org\/pom\/wp-json\/wp\/v2\/posts\/20341"}],"collection":[{"href":"https:\/\/soeurs-de-la-presentation-de-marie.org\/pom\/wp-json\/wp\/v2\/posts"}],"about":[{"href":"https:\/\/soeurs-de-la-presentation-de-marie.org\/pom\/wp-json\/wp\/v2\/types\/post"}],"author":[{"embeddable":true,"href":"https:\/\/soeurs-de-la-presentation-de-marie.org\/pom\/wp-json\/wp\/v2\/users\/6"}],"replies":[{"embeddable":true,"href":"https:\/\/soeurs-de-la-presentation-de-marie.org\/pom\/wp-json\/wp\/v2\/comments?post=20341"}],"version-history":[{"count":2,"href":"https:\/\/soeurs-de-la-presentation-de-marie.org\/pom\/wp-json\/wp\/v2\/posts\/20341\/revisions"}],"predecessor-version":[{"id":20354,"href":"https:\/\/soeurs-de-la-presentation-de-marie.org\/pom\/wp-json\/wp\/v2\/posts\/20341\/revisions\/20354"}],"wp:featuredmedia":[{"embeddable":true,"href":"https:\/\/soeurs-de-la-presentation-de-marie.org\/pom\/wp-json\/wp\/v2\/media\/20329"}],"wp:attachment":[{"href":"https:\/\/soeurs-de-la-presentation-de-marie.org\/pom\/wp-json\/wp\/v2\/media?parent=20341"}],"wp:term":[{"taxonomy":"category","embeddable":true,"href":"https:\/\/soeurs-de-la-presentation-de-marie.org\/pom\/wp-json\/wp\/v2\/categories?post=20341"},{"taxonomy":"post_tag","embeddable":true,"href":"https:\/\/soeurs-de-la-presentation-de-marie.org\/pom\/wp-json\/wp\/v2\/tags?post=20341"}],"curies":[{"name":"wp","href":"https:\/\/api.w.org\/{rel}","templated":true}]}}