{"id":25328,"date":"2021-12-08T16:38:36","date_gmt":"2021-12-08T15:38:36","guid":{"rendered":"https:\/\/soeurs-de-la-presentation-de-marie.org\/pom\/?p=25313"},"modified":"2021-12-08T16:38:43","modified_gmt":"2021-12-08T15:38:43","slug":"mission-du-cameroun-6","status":"publish","type":"post","link":"https:\/\/soeurs-de-la-presentation-de-marie.org\/pom\/mission-du-cameroun-6\/","title":{"rendered":"Mission du Cameroun"},"content":{"rendered":"<h1 style=\"text-align: center;\"><span style=\"color: #003366;\"><em>Seigneur, b\u00e9ni sois-tu, l&#8217;\u0153uvre de tes mains a 225 ans. <\/em><\/span><\/h1>\n<h1 style=\"text-align: center;\"><span style=\"color: #003366;\"><em>Jubilez, jubilez de joie&nbsp;!<\/em><\/span><\/h1>\n<p>&nbsp;<\/p>\n<p><span style=\"color: #003366;\">C&#8217;est au rythme de ce chant, compos\u00e9 par la communaut\u00e9 de formation, que nous avons cl\u00f4tur\u00e9 notre belle ann\u00e9e jubilaire.&nbsp; Nous sommes entr\u00e9es dans l&#8217;\u00e9glise en portant \u00e0 la main un drapeau repr\u00e9sentant chacun des vingt pays o\u00f9 nous faisons conna\u00eetre et aimer J\u00e9sus-Christ. Nous les avons d\u00e9pos\u00e9s, devant l\u2019autel, pr\u00e8s d&#8217;un tableau portant le chiffre 225 et le th\u00e8me &#8220;<em>Ensemble pour proclamer J\u00e9sus Christ par toute notre vie<\/em>&#8220;.<\/span><\/p>\n<p><span style=\"color: #003366;\">La c\u00e9l\u00e9bration eucharistique, pr\u00e9sid\u00e9e par Mgr Achille EYABI \u00e9v\u00eaque du dioc\u00e8se d&#8217;Ez\u00e9ka, a rassembl\u00e9 pr\u00e8s de 400 personnes venues de tous les coins du pays.<\/span><\/p>\n<p><span style=\"color: #003366;\">Pendant la magnifique et touchante c\u00e9l\u00e9bration eucharistique du 20 novembre 2021, \u00e0 la Paroisse Sainte Bernadette de Doumelong, notre s\u0153ur Civiane MATENE MOUMBE a prononc\u00e9 ses v\u0153ux perp\u00e9tuels et a ainsi rejoint d\u00e9finitivement la famille de la Pr\u00e9sentation de Marie. C&#8217;\u00e9tait un moment de joie et d&#8217;action de gr\u00e2ce !<\/span><\/p>\n<p><span style=\"color: #003366;\">Selon la coutume, la veille du grand jour, la communaut\u00e9 s&#8217;est r\u00e9unie pour entendre s\u0153ur Civiane exposer les motivations qui la poussent \u00e0 un engagement permanent. La communaut\u00e9 a \u00e9cout\u00e9 son partage et nous l&#8217;accueillons d\u00e9finitivement dans notre famille religieuse. Avec la gr\u00e2ce de Dieu, nous marchons ensemble avec le Christ sur le chemin de la saintet\u00e9 de notre vocation.<\/span><\/p>\n<p><span style=\"color: #003366;\">Avec l&#8217;\u00c9glise, les membres de sa famille et notre famille religieuse, nous lui souhaitons et nous prions un bonheur durable dans sa vocation et l\u2019enthousiasme pour t\u00e9moigner de J\u00e9sus Christ \u00e0 la mani\u00e8re de Marie Rivier. Magnificat!<\/span><\/p>\nngg_shortcode_0_placeholder\n","protected":false},"excerpt":{"rendered":"<p>Seigneur, b\u00e9ni sois-tu, l&#8217;\u0153uvre de tes mains a 225 ans. Jubilez, jubilez de joie&nbsp;! &nbsp; C&#8217;est au rythme de ce chant, compos\u00e9 par la communaut\u00e9 de formation, que nous avons cl\u00f4tur\u00e9 notre belle ann\u00e9e jubilaire.&nbsp; Nous sommes entr\u00e9es dans l&#8217;\u00e9glise en portant \u00e0 la main un drapeau repr\u00e9sentant chacun des vingt pays o\u00f9 nous faisons [&hellip;]<\/p>\n","protected":false},"author":6,"featured_media":25325,"comment_status":"closed","ping_status":"closed","sticky":false,"template":"","format":"standard","meta":{"ngg_post_thumbnail":0,"footnotes":""},"categories":[2436],"tags":[],"lang":"fr","translations":{"fr":25328,"pt":25313,"en":25329,"es":25330},"pll_sync_post":{"pt":true,"fr":true,"en":true,"es":true},"_links":{"self":[{"href":"https:\/\/soeurs-de-la-presentation-de-marie.org\/pom\/wp-json\/wp\/v2\/posts\/25328"}],"collection":[{"href":"https:\/\/soeurs-de-la-presentation-de-marie.org\/pom\/wp-json\/wp\/v2\/posts"}],"about":[{"href":"https:\/\/soeurs-de-la-presentation-de-marie.org\/pom\/wp-json\/wp\/v2\/types\/post"}],"author":[{"embeddable":true,"href":"https:\/\/soeurs-de-la-presentation-de-marie.org\/pom\/wp-json\/wp\/v2\/users\/6"}],"replies":[{"embeddable":true,"href":"https:\/\/soeurs-de-la-presentation-de-marie.org\/pom\/wp-json\/wp\/v2\/comments?post=25328"}],"version-history":[{"count":0,"href":"https:\/\/soeurs-de-la-presentation-de-marie.org\/pom\/wp-json\/wp\/v2\/posts\/25328\/revisions"}],"wp:featuredmedia":[{"embeddable":true,"href":"https:\/\/soeurs-de-la-presentation-de-marie.org\/pom\/wp-json\/wp\/v2\/media\/25325"}],"wp:attachment":[{"href":"https:\/\/soeurs-de-la-presentation-de-marie.org\/pom\/wp-json\/wp\/v2\/media?parent=25328"}],"wp:term":[{"taxonomy":"category","embeddable":true,"href":"https:\/\/soeurs-de-la-presentation-de-marie.org\/pom\/wp-json\/wp\/v2\/categories?post=25328"},{"taxonomy":"post_tag","embeddable":true,"href":"https:\/\/soeurs-de-la-presentation-de-marie.org\/pom\/wp-json\/wp\/v2\/tags?post=25328"}],"curies":[{"name":"wp","href":"https:\/\/api.w.org\/{rel}","templated":true}]}}