{"id":26483,"date":"2022-01-31T20:21:45","date_gmt":"2022-01-31T19:21:45","guid":{"rendered":"https:\/\/soeurs-de-la-presentation-de-marie.org\/pom\/?p=26483"},"modified":"2022-02-05T20:09:41","modified_gmt":"2022-02-05T19:09:41","slug":"lannee-de-la-vie-fraternelle","status":"publish","type":"post","link":"https:\/\/soeurs-de-la-presentation-de-marie.org\/pom\/lannee-de-la-vie-fraternelle\/","title":{"rendered":"L&#8217;Ann\u00e9e de la vie fraternelle"},"content":{"rendered":"<h1>&nbsp;<\/h1>\n<h1 style=\"text-align: center;\"><span style=\"color: #003366;\">LE LANCEMENT DE L&#8217;ANN\u00c9E DE LA VIE FRATERNELLE<\/span><\/h1>\n<h2 style=\"text-align: right;\"><span style=\"color: #003366;\">&#8221; Mettons-nous ensemble. &#8221; <\/span><\/h2>\n<h2 style=\"text-align: right;\"><span style=\"color: #003366;\">&#8211; Marie Rivier &#8211;<\/span><\/h2>\n<p>&nbsp;<\/p>\n<p><span style=\"color: #003366;\">Le Chapitre G\u00e9n\u00e9ral de 2017 avait donn\u00e9 \u00e0 l&#8217;Administration G\u00e9n\u00e9rale le mandat d\u2019approfondir les paroles de Marie Rivier \u00ab&nbsp;Mettons-nous ensemble&nbsp;\u00bb et de d\u00e9velopper une v\u00e9ritable spiritualit\u00e9 de communion qui nous ouvre aux autres et nous maintient en harmonie avec l&#8217;ensemble de la cr\u00e9ation. C&#8217;est notre pri\u00e8re et notre souhait que la communion soit une r\u00e9alit\u00e9 dans notre Congr\u00e9gation au moment o\u00f9 nous tournons les pages de nos 225 ans d&#8217;existence. La vie fraternelle est un des \u00e9l\u00e9ments essentiels de notre vie religieuse et elle tient une place particuli\u00e8re chez nous. \u00ab&nbsp;Mettons-nous ensemble&nbsp;\u00bb &#8211; ce sont les mots qui ont jailli du c\u0153ur de Marie Rivier et qui ont \u00e9t\u00e9 transmis par ses filles de g\u00e9n\u00e9ration en g\u00e9n\u00e9ration (cf. D33b).<\/span><\/p>\n<p><span style=\"color: #003366;\">Le 29 janvier 2022, M\u00e8re Maria dos Anjos Alves, a lanc\u00e9 l&#8217;ann\u00e9e de la Vie Fraternelle dans toute la Congr\u00e9gation, du 3 f\u00e9vrier 2022 au 3 f\u00e9vrier 2023. Que cette ann\u00e9e soit c\u00e9l\u00e9br\u00e9e comme un P\u00e8lerinage vers nos Sources : La Parole de Dieu, les origines de notre vie fraternelle en communaut\u00e9 que nous trouvons dans les enseignements de notre Fondatrice et de nos Sup\u00e9rieurs g\u00e9n\u00e9rales ainsi que dans les enseignements du Pape Fran\u00e7ois dans Fratelli Tutti.<\/span><\/p>\n<p>ngg_shortcode_0_placeholder<span style=\"color: #003366;\">Nous souhaitons partager avec vous les nombreuses et belles r\u00e9actions qui nous sont venus de nos s\u0153urs de toutes nos communaut\u00e9s fraternelles sur les quatre continents du monde. Ce rassemblement international de ZOOM a saisi nos c\u0153urs et raviv\u00e9 nos d\u00e9sirs.&nbsp;<\/span><\/p>\n<p><span style=\"color: #003366;\">Echos venus de nos S\u0153urs&#8230;<\/span><\/p>\n<ul>\n<li>I<span style=\"color: #800000;\"> am very eager for Feb 3 to come to receive the letter of Mother. I am excited to discover how each Superior General at our Sources animated our Sisters to live, love and witness the beauty of community life. It is very true that it is the Lord Who is the reason for our community life.<\/span><\/li>\n<li><span style=\"color: #800000;\">Thank you so much Mother we hope to hear more of your inspiring messages.<\/span><\/li>\n<li><span style=\"color: #800000;\">I feel excited to receive the circular.&nbsp; As it was presented, I was also thanking God to have heard my prayer.&nbsp; I have been in the process of deepening community life in our Welcome House in Vietnam, the need that I see the most.&nbsp; We are all grown up in age, not anymore young and I see the need to share to them the Community life in and of the Presentation of Mary Congregation.&nbsp; I am looking for materials aside from our Rule of Life and the Scriptures, the one that we can journey together.&nbsp; I imagine the circular as very substantial in helping our community live as PM.&nbsp; Thank you Mother for this wonderful project.&nbsp; May this help us all in our journey to conversion and holiness with Jesus as our brother walking with us and all the Saints especially for Mama Mary and Mother Rivier.<\/span><\/li>\n<li><span style=\"color: #800000;\">&nbsp;Muito Obrigada Madre Maria dos Anjos pelas suas palavras vindas do ora\u00e7\u00e3o de Jesus e de Maria Rivier!<\/span><\/li>\n<li><span style=\"color: #800000;\">Muchas gracias por animarnos a profundizar en nuestra vida comunitaria, por ir a nuestro or\u00edgenes, a acudir al Evangelio para vivir nuestra vida comunitaria. Esta charla nos invita a vivir nuestro caminar sinodal.<\/span><\/li>\n<li><span style=\"color: #800000;\">Merci Ma M\u00e8re pour cet appel \u00e0 la fraternit\u00e9 et \u00e0 la saintet\u00e9 \u00e0 la suite de notre Ste fondatrice.<\/span><\/li>\n<li><span style=\"color: #800000;\">Juntas para VIVERMOS O EVANGELHO. Muito obrigada!<\/span><\/li>\n<li><span style=\"color: #800000;\">Muito obrigada Madre Maria dos Anjos por este momento hist\u00f3rico de estarmos juntas na \u201cfonte\u201d com Maria Rivier&nbsp; na Trindade!<\/span><\/li>\n<li><span style=\"color: #800000;\">Muchas gracias por animarnos a profundizar en nuestra vida comunitaria, por ir a nuestro or\u00edgenes, a acudir al Evangelio para vivir nuestra vida comunitaria. Esta charla nos invita a vivir nuestro caminar sinodal.<\/span><\/li>\n<li><span style=\"color: #800000;\">Merci Ma M\u00e8re pour cet appel \u00e0 la fraternit\u00e9 et \u00e0 la saintet\u00e9 \u00e0 la suite de notre Ste fondatrice.<\/span><\/li>\n<li><span style=\"color: #800000;\">O nosso lugar de transforma\u00e7\u00e3o \u00e9 no encontro com Cristo! \u00c9 preciso conhecer&nbsp; CRISTO.<\/span><\/li>\n<li><span style=\"color: #800000;\">Thank you Mother and all the Council for an inspiring presentation. It was especially meaningful receiving this with so many other sisters throughout the world.<\/span><\/li>\n<li><span style=\"color: #800000;\">tr\u00e8s touch\u00e9e par cette belle conf\u00e8rence<\/span><\/li>\n<li><span style=\"color: #800000;\">Thank you very much Rev. Mother for your talk and bringing us back to our origins. We are one.<\/span><\/li>\n<li><span style=\"color: #800000;\">Gracias Madre Mar\u00eda dos Anjos y a todo el consejo. En este encuentro ya nos hemos juntado y juntas queremos vivir con fe, amor y mucha esperanza&nbsp; como nos recuerda la Madre partiendo del evangelio y de nuestros or\u00edgenes.<\/span><\/li>\n<li><span style=\"color: #800000;\">Dear Mother and you Council.&nbsp; I am grateful for this wonderful gift of coming together.&nbsp; Thank you for this touching message.&nbsp; May the Holy Spirit grant us the grace to live together as one.&nbsp; Thank you and God bless you.<\/span><\/li>\n<li><span style=\"color: #800000;\">Your sharing of Mo. Marie des Anges is like a brilliant light redirecting the sisters who go astray from the path of our goal or destiny as religious of the sisters of the presentation of Mary. It reminds me also of the true treasures of my life as daughter of Marie Rivier. It is a great reminder to never lose sight to our conviction and purpose of our calling. To remain in love and desire all the more to belong absolutely to Jesus Christ. Thank you, Mother!<\/span><\/li>\n<li><span style=\"color: #800000;\">I am very much challenge&nbsp; on the call to reflect personally and as a&nbsp; community on how far have we changed\/ transformed our hearts\/ lives after many years of knowing, living His mysteries, loving &amp; following Jesus? How&nbsp; far have we been&nbsp; responding to d call of forming&nbsp; ONE Community Heart?<\/span><\/li>\n<\/ul>\nngg_shortcode_1_placeholder\n","protected":false},"excerpt":{"rendered":"<p>&nbsp; LE LANCEMENT DE L&#8217;ANN\u00c9E DE LA VIE FRATERNELLE &#8221; Mettons-nous ensemble. &#8221; &#8211; Marie Rivier &#8211; &nbsp; Le Chapitre G\u00e9n\u00e9ral de 2017 avait donn\u00e9 \u00e0 l&#8217;Administration G\u00e9n\u00e9rale le mandat d\u2019approfondir les paroles de Marie Rivier \u00ab&nbsp;Mettons-nous ensemble&nbsp;\u00bb et de d\u00e9velopper une v\u00e9ritable spiritualit\u00e9 de communion qui nous ouvre aux autres et nous maintient en [&hellip;]<\/p>\n","protected":false},"author":6,"featured_media":26646,"comment_status":"closed","ping_status":"closed","sticky":false,"template":"","format":"standard","meta":{"ngg_post_thumbnail":0,"footnotes":""},"categories":[2548],"tags":[],"lang":"fr","translations":{"fr":26483,"es":26489},"pll_sync_post":{"fr":true,"es":true},"_links":{"self":[{"href":"https:\/\/soeurs-de-la-presentation-de-marie.org\/pom\/wp-json\/wp\/v2\/posts\/26483"}],"collection":[{"href":"https:\/\/soeurs-de-la-presentation-de-marie.org\/pom\/wp-json\/wp\/v2\/posts"}],"about":[{"href":"https:\/\/soeurs-de-la-presentation-de-marie.org\/pom\/wp-json\/wp\/v2\/types\/post"}],"author":[{"embeddable":true,"href":"https:\/\/soeurs-de-la-presentation-de-marie.org\/pom\/wp-json\/wp\/v2\/users\/6"}],"replies":[{"embeddable":true,"href":"https:\/\/soeurs-de-la-presentation-de-marie.org\/pom\/wp-json\/wp\/v2\/comments?post=26483"}],"version-history":[{"count":4,"href":"https:\/\/soeurs-de-la-presentation-de-marie.org\/pom\/wp-json\/wp\/v2\/posts\/26483\/revisions"}],"predecessor-version":[{"id":26490,"href":"https:\/\/soeurs-de-la-presentation-de-marie.org\/pom\/wp-json\/wp\/v2\/posts\/26483\/revisions\/26490"}],"wp:featuredmedia":[{"embeddable":true,"href":"https:\/\/soeurs-de-la-presentation-de-marie.org\/pom\/wp-json\/wp\/v2\/media\/26646"}],"wp:attachment":[{"href":"https:\/\/soeurs-de-la-presentation-de-marie.org\/pom\/wp-json\/wp\/v2\/media?parent=26483"}],"wp:term":[{"taxonomy":"category","embeddable":true,"href":"https:\/\/soeurs-de-la-presentation-de-marie.org\/pom\/wp-json\/wp\/v2\/categories?post=26483"},{"taxonomy":"post_tag","embeddable":true,"href":"https:\/\/soeurs-de-la-presentation-de-marie.org\/pom\/wp-json\/wp\/v2\/tags?post=26483"}],"curies":[{"name":"wp","href":"https:\/\/api.w.org\/{rel}","templated":true}]}}