{"id":26638,"date":"2022-02-05T19:54:23","date_gmt":"2022-02-05T18:54:23","guid":{"rendered":"https:\/\/soeurs-de-la-presentation-de-marie.org\/pom\/?p=26638"},"modified":"2022-02-05T19:58:53","modified_gmt":"2022-02-05T18:58:53","slug":"lannee-de-la-vie-fraternelle-2","status":"publish","type":"post","link":"https:\/\/soeurs-de-la-presentation-de-marie.org\/pom\/lannee-de-la-vie-fraternelle-2\/","title":{"rendered":"L&#8217;Ann\u00e9e de la vie fraternelle"},"content":{"rendered":"<h1>&nbsp;<\/h1>\n<h1 style=\"text-align: center;\"><span style=\"color: #003300;\">LE LANCEMENT DE L&#8217;ANN\u00c9E DE LA VIE FRATERNELLE (II)<\/span><\/h1>\n<h2 style=\"text-align: right;\"><span style=\"color: #003300;\">&#8221; Mettons-nous ensemble. &#8221; <\/span><\/h2>\n<h2 style=\"text-align: right;\"><span style=\"color: #003300;\">&#8211; Marie Rivier &#8211;<\/span><\/h2>\n<p><span style=\"color: #003300;\">Le 29 janvier 2022, M\u00e8re Maria dos Anjos Alves, a lanc\u00e9 l&#8217;ann\u00e9e de la Vie Fraternelle dans toute la Congr\u00e9gation, du 3 f\u00e9vrier 2022 au 3 f\u00e9vrier 2023. Que cette ann\u00e9e soit c\u00e9l\u00e9br\u00e9e comme un P\u00e8lerinage vers nos Sources.&nbsp;<\/span><\/p>\n<p><span style=\"color: #003300;\">Nous souhaitons partager avec vous les nombreuses et belles r\u00e9actions qui nous sont venus de nos s\u0153urs de toutes nos communaut\u00e9s fraternelles sur les quatre continents du monde. Ce rassemblement international de ZOOM a saisi nos c\u0153urs et raviv\u00e9 nos d\u00e9sirs.&nbsp;<\/span><\/p>\n<p><span style=\"color: #003300;\">Echos venus de nos S\u0153urs&#8230;<\/span><\/p>\n<ul>\n<li><span style=\"color: #003300;\">De la conf\u00e9rence de M\u00e8re, la profonde spiritualit\u00e9 et le mode de vie de notre Fondatrice&nbsp;Sainte Marie Rivier ont \u00e9t\u00e9 transmises.&nbsp;J\u2019ai \u00e9t\u00e9 une fois de plus profond\u00e9ment fascin\u00e9e par la spiritualit\u00e9 de notre Fondatrice, Ste Marie Rivier.&nbsp;Merci beaucoup, Arigatou gozaimashita ! !! &nbsp;Pouvez-vous transmettre mes remerciements \u00e0 M\u00e8re Maria dos Anjos ? Merci !&nbsp;Ogenki de !<\/span><\/li>\n<li><span style=\"color: #003300;\">Le fait de se retrouver ensemble avec toutes les soeurs de la Congr\u00e9gation renforce notre esprit de famille et nous vous remercions pour ce beau partage. de la part de vos s\u0153urs de Toulouse<\/span><\/li>\n<li><span style=\"color: #003300;\">Muito 0brigada querida Madre Maria dos Anjos. Pedimos \u00e0 Madre Rivier que nos alcance a gra\u00e7a de termos um verdadeiro cora\u00e7\u00e3o de comunidade para vivermos a comunh\u00e3o fraterna com um s\u00f3 cora\u00e7\u00e3o e uma s\u00f3 alma.<\/span><\/li>\n<li><span style=\"color: #003300;\">Foi muito enriquecedor. Podemos ir \u00e0 fonte sem sair dos nossos lugares. \u00c9 bom estarmos juntas. Queremos continuar juntas. Que Deus nos aben\u00e7oe. Sentimos uma grande alegria quando soubemos da not\u00edcia da canoniza\u00e7\u00e3o da nossa Fundadora.&nbsp; Sentimos como \u00e9 bela a nossa Fam\u00edlia Religiosa. Muito Obrigada \u00e0 nossa Madre Maria dos Anjos por este belo encontro.<\/span><\/li>\n<li><span style=\"color: #003300;\">Merci \u00e0 notre M\u00e8re et \u00e0 son conseil. Pour la premi\u00e8re fois que j\u2019entends le timbre de voix de notre M\u00e8re Rivier, c\u2019est elle qui nous parlait cet apr\u00e8s midi \u00e0 travers m\u00e8re Marie des Anges.<\/span><\/li>\n<li><span style=\"color: #003300;\">This was a wonderful experience of communion! Thank you!<\/span><\/li>\n<li><span style=\"color: #003300;\">Merci\u2026&nbsp;&nbsp;&nbsp;&nbsp;&nbsp; Thank you\u2026&nbsp;&nbsp;&nbsp; Obrigada\u2026&nbsp;&nbsp; NOUS SOMMES UNE!!!&nbsp;\ud83d\ude18\ud83d\ude18<\/span><\/li>\n<li><span style=\"color: #003300;\">Dear Reverend Mother, am grateful to God for this moment in our lives as daughters of the Woman Apostle. Thank you and your council for this great and inspiring presentation. It is a great privilege going back to our origins. God bless you all!<\/span><\/li>\n<li><span style=\"color: #003300;\">Thank you Mother for this powerful and beautiful letter. May God give us the grace to live it out day by day!<\/span><\/li>\n<li><span style=\"color: #003300;\">Merci de ce retour aux sources et de la pr\u00e9sentation de la croissance spirituelle et permanente de notre Congr\u00e9gation. Je rends gr\u00e2ce de votre invitation de toutes \u00e0 notre saintet\u00e9 en communaut\u00e9 \u00e0 l\u2019attention et \u00e0 l\u2019\u00e9coute de l\u2019Evangile, des \u00e9crits de Famille et du Pape.<\/span><\/li>\n<li><span style=\"color: #003300;\">Ch\u00e8re m\u00e8re et son conseil, je tiens \u00e0 vous dire toute ma gratitude, ma reconnaissance pour cette belle pr\u00e9sentation qui nous a permis de retourner \u00e0 la source. Nous allons les concr\u00e9tiser, c\u2019est tr\u00e8s touchant et tr\u00e8s all\u00e9chant le contenu de votre expos\u00e9. que l\u2019esprit Saint nous aide \u00e0 les concr\u00e9tiser comme nous sommes d\u00e9j\u00e0 en train de vivre l\u2019exp\u00e9rience du mettons nous ensemble \u00e0 travers cette rencontre du zoom avec les s\u0153urs de diff\u00e9rents Province, R\u00e9gion et Mission. mille merci. que Dieu vous b\u00e9nisse et que l\u2019esprit Saint continue de vous \u00e9clairer.<\/span><\/li>\n<li><span style=\"color: #003300;\">Thank you mother for this Wonderful conference especially, the message for your children and that is unifying our union with one another. God bless you and your council.<\/span><\/li>\n<li><span style=\"color: #003300;\">Que c\u2019est beau d\u2019\u00eatre ensemble pour J\u00e9sus Christ ! Merci Seigneur pour la Pr\u00e9sentation de Marie<\/span><\/li>\n<li><span style=\"color: #003300;\">This is amazing and so \u201cheart-warming\u201d meeting!<\/span><\/li>\n<li><span style=\"color: #003300;\">Conna\u00eetre avec le coeur. Conna\u00eetre pour aimer, aimer pour Imiter car c\u2019est la rencontre avec le Christ qui transforme .&nbsp; Merci ma M\u00e8re et \u00e0 votre conseil.\u2665\ufe0f\u2665\ufe0f<\/span><\/li>\n<li><span style=\"color: #003300;\">Deepest gratitude for this! United in the heart of Mother Rivier, much love to all!<\/span><\/li>\n<li><span style=\"color: #003300;\">Thank you Reverend Mother and council for the beautiful presentation in which you remind us of the source of our origins.I am grateful.May God bless you<\/span><\/li>\n<li><span style=\"color: #003300;\">muito obrigada Madre. espero pela circular para a meditar. um bom fim de semana!<\/span><\/li>\n<li><span style=\"color: #003300;\">O nosso cora\u00e7\u00e3o rejubila cheio de gratid\u00e3o. Muito obrigada Madre e aguardamos mais iniciativas similares. Ensemble!<\/span><\/li>\n<\/ul>\n<p>&nbsp;<\/p>\n","protected":false},"excerpt":{"rendered":"<p>&nbsp; LE LANCEMENT DE L&#8217;ANN\u00c9E DE LA VIE FRATERNELLE (II) &#8221; Mettons-nous ensemble. &#8221; &#8211; Marie Rivier &#8211; Le 29 janvier 2022, M\u00e8re Maria dos Anjos Alves, a lanc\u00e9 l&#8217;ann\u00e9e de la Vie Fraternelle dans toute la Congr\u00e9gation, du 3 f\u00e9vrier 2022 au 3 f\u00e9vrier 2023. Que cette ann\u00e9e soit c\u00e9l\u00e9br\u00e9e comme un P\u00e8lerinage vers [&hellip;]<\/p>\n","protected":false},"author":6,"featured_media":26635,"comment_status":"closed","ping_status":"closed","sticky":false,"template":"","format":"standard","meta":{"ngg_post_thumbnail":0,"footnotes":""},"categories":[2548],"tags":[],"lang":"fr","translations":{"fr":26638,"es":26642},"pll_sync_post":{"fr":true,"es":true},"_links":{"self":[{"href":"https:\/\/soeurs-de-la-presentation-de-marie.org\/pom\/wp-json\/wp\/v2\/posts\/26638"}],"collection":[{"href":"https:\/\/soeurs-de-la-presentation-de-marie.org\/pom\/wp-json\/wp\/v2\/posts"}],"about":[{"href":"https:\/\/soeurs-de-la-presentation-de-marie.org\/pom\/wp-json\/wp\/v2\/types\/post"}],"author":[{"embeddable":true,"href":"https:\/\/soeurs-de-la-presentation-de-marie.org\/pom\/wp-json\/wp\/v2\/users\/6"}],"replies":[{"embeddable":true,"href":"https:\/\/soeurs-de-la-presentation-de-marie.org\/pom\/wp-json\/wp\/v2\/comments?post=26638"}],"version-history":[{"count":1,"href":"https:\/\/soeurs-de-la-presentation-de-marie.org\/pom\/wp-json\/wp\/v2\/posts\/26638\/revisions"}],"predecessor-version":[{"id":26639,"href":"https:\/\/soeurs-de-la-presentation-de-marie.org\/pom\/wp-json\/wp\/v2\/posts\/26638\/revisions\/26639"}],"wp:featuredmedia":[{"embeddable":true,"href":"https:\/\/soeurs-de-la-presentation-de-marie.org\/pom\/wp-json\/wp\/v2\/media\/26635"}],"wp:attachment":[{"href":"https:\/\/soeurs-de-la-presentation-de-marie.org\/pom\/wp-json\/wp\/v2\/media?parent=26638"}],"wp:term":[{"taxonomy":"category","embeddable":true,"href":"https:\/\/soeurs-de-la-presentation-de-marie.org\/pom\/wp-json\/wp\/v2\/categories?post=26638"},{"taxonomy":"post_tag","embeddable":true,"href":"https:\/\/soeurs-de-la-presentation-de-marie.org\/pom\/wp-json\/wp\/v2\/tags?post=26638"}],"curies":[{"name":"wp","href":"https:\/\/api.w.org\/{rel}","templated":true}]}}