{"id":27545,"date":"2022-06-14T23:19:17","date_gmt":"2022-06-14T21:19:17","guid":{"rendered":"https:\/\/soeurs-de-la-presentation-de-marie.org\/pom\/?p=27545"},"modified":"2022-06-14T23:19:17","modified_gmt":"2022-06-14T21:19:17","slug":"la-communaute-interculturelle","status":"publish","type":"post","link":"https:\/\/soeurs-de-la-presentation-de-marie.org\/pom\/la-communaute-interculturelle\/","title":{"rendered":"La Communaut\u00e9 Interculturelle"},"content":{"rendered":"<h1 style=\"text-align: center;\"><span style=\"color: #003366;\"><strong><em>Ouverture de la Communaut\u00e9 Interculturelle et Envoi en mission<\/em><\/strong><\/span><\/h1>\n<p><span style=\"color: #003366;\">En 2019, les s\u0153urs r\u00eavaient d&#8217;un projet : ouvrir une <strong>communaut\u00e9 interculturelle<\/strong> \u00e0 la Maison M\u00e8re pour faire vivre nos lieux-sources. Une communaut\u00e9 interculturelle pour s&#8217;occuper de l&#8217;accueil des groupes et des personnes qui souhaitent visiter la Maison M\u00e8re. Une communaut\u00e9 pour accompagner les <img loading=\"lazy\" decoding=\"async\" class=\"alignleft wp-image-27540\" src=\"https:\/\/soeurs-de-la-presentation-de-marie.org\/pom\/wp-content\/uploads\/2022\/06\/building-750x510.jpeg\" alt=\"\" width=\"475\" height=\"356\">p\u00e8lerins qui voudraient marcher sur les pas de Sainte Marie Rivier. Ce projet qui nous tient \u00e0 c\u0153ur, et mis \u00e0 mal par la pand\u00e9mie de COVID 19, continue de rouler dans nos t\u00eates. Enfin, quelques semaines avant la canonisation de notre M\u00e8re Rivier, ce r\u00eave est devenu r\u00e9alit\u00e9.<\/span><\/p>\n<p><span style=\"color: #003366;\">Le vendredi 1<sup>er<\/sup> avril, la maison o\u00f9 les trois S\u0153urs de nationalit\u00e9s et de cultures diff\u00e9rentes vont construire la communaut\u00e9 Sainte Marie Rivier a \u00e9t\u00e9 b\u00e9nite. Cet \u00e9v\u00e9nement remarquable a \u00e9t\u00e9 honor\u00e9 par la pr\u00e9sence de M\u00e8re Maria dos Anjos Alves, notre Sup\u00e9rieure g\u00e9n\u00e9rale et Soeur Ginette Badiane, conseill\u00e8re g\u00e9n\u00e9rale, Soeur Jane Wilkinson, Sup\u00e9rieure provinciale et la plupart des S\u0153urs de la Province qui avaient pu venir pour la journ\u00e9e provinciale de discernement et de consultation le dimanche suivant.<\/span><\/p>\n<p>ngg_shortcode_0_placeholder<span style=\"color: #003366;\">Le samedi, 2 avril, dans le cadre de la c\u00e9l\u00e9bration de la Sainte Eucharistie, les s\u0153urs Jeanne Marie Sambou, Teresa de Sousa et Cresencia Cabahug ont \u00e9t\u00e9 envoy\u00e9es en mission. \u00ab Duc in altum \u00bb\u2026 \u00ab Sortir en profondeur \u00bb.<\/span><\/p>\n<p><span style=\"color: #003366;\">M\u00e8re Maria dos Anjos Alves appelle chacune des trois s\u0153urs par leur nom et chacune r\u00e9pond \u00ab Me voici !&nbsp;\u00bb avant de s&#8217;avancer vers l&#8217;autel o\u00f9, avec elles, nous invoquons l&#8217;Esprit Saint : &#8220;Viens, nous t&#8217;attendons&#8221;.<\/span><\/p>\n<p><span style=\"color: #003366;\">M\u00e8re Maria dos Anjos, en les envoyant en mission, a donn\u00e9 \u00e0 chacune une ic\u00f4ne de la Sainte Famille et un cierge votif allum\u00e9 qu&#8217;elles ont d\u00e9pos\u00e9 au pied de Marie, se confiant \u00e0 elle et r\u00e9p\u00e9tant les paroles d&#8217;une pri\u00e8re du Pape Fran\u00e7ois.<\/span><\/p>\n<p><span style=\"color: #003366;\">\u00c0 son tour, S\u0153ur Jane les a accueillies dans la Province de France et leur a remis un panier contenant les v\u0153ux \u00e9crits pr\u00e9alablement par chacune des s\u0153urs pr\u00e9sentes \u00e0 Bourg Saint And\u00e9ol.<\/span><\/p>\n<p><span style=\"color: #003366;\">En r\u00e9citant la pri\u00e8re du Seigneur, toutes les s\u0153urs se tenaient la main en signe d&#8217;unit\u00e9 pour cette mission sp\u00e9ciale. C&#8217;\u00e9tait un spectacle et un geste tr\u00e8s touchants.<\/span><\/p>\n<p><span style=\"color: #003366;\">Nous avons chant\u00e9 d&#8217;un seul c\u0153ur le Magnificat, avec enthousiasme, tam-tam oblige&#8230; La pri\u00e8re finale et la b\u00e9n\u00e9diction ont ensuite \u00e9t\u00e9 prononc\u00e9es et donn\u00e9es par le P. Armand.<\/span><\/p>\n<p>ngg_shortcode_1_placeholder<span style=\"color: #003366;\">Avant de quitter la chapelle, chaque s\u0153ur a re\u00e7u le nom d&#8217;une s\u0153ur de la Communaut\u00e9 Interculturelle, s&#8217;engageant \u00e0 la porter plus particuli\u00e8rement dans la pri\u00e8re.<\/span><\/p>\n<p><span style=\"color: #003366;\">Puisqu&#8217;elle est le premier fruit et la premi\u00e8re fondation apr\u00e8s l&#8217;annonce de la canonisation de Marie Rivier, la Communaut\u00e9 prend le nom de Sainte Marie Rivier. S\u0153ur Jeanne Marie Sambou, s\u00e9n\u00e9galaise, est nomm\u00e9e sup\u00e9rieure de la communaut\u00e9, Soeur Cresencia Cabahug vient des Philippines et Soeur Teresa de Sousa du Portugal. Les s\u0153urs ont commenc\u00e9 leur vie communautaire dans leur nouvelle maison le soir du 7 avril 2022.<\/span><\/p>\n<p><span style=\"color: #003366;\">C&#8217;est notre pri\u00e8re et notre espoir que tout ce que la nouvelle communaut\u00e9 vivra et chacun de ses efforts dans cette aventure de foi, d&#8217;esp\u00e9rance et d&#8217;amour puisse contribuer \u00e0 faire conna\u00eetre et aimer J\u00e9sus-Christ. Tout pour la plus grande gloire de Dieu !<\/span><\/p>\n<p>&nbsp;<\/p>\n<p><span style=\"color: #003366;\"><strong><em>Adapt\u00e9e et \u00e9dit\u00e9e de la version publi\u00e9e le 12 avril 2022 <\/em><\/strong><\/span><\/p>\n<p><span style=\"color: #003366;\"><strong><em>par Soeur Cresencia Cabahug, pm<\/em><\/strong><\/span><\/p>\n<p>&nbsp;<\/p>\n<p>&nbsp;<\/p>\n","protected":false},"excerpt":{"rendered":"<p>Ouverture de la Communaut\u00e9 Interculturelle et Envoi en mission En 2019, les s\u0153urs r\u00eavaient d&#8217;un projet : ouvrir une communaut\u00e9 interculturelle \u00e0 la Maison M\u00e8re pour faire vivre nos lieux-sources. Une communaut\u00e9 interculturelle pour s&#8217;occuper de l&#8217;accueil des groupes et des personnes qui souhaitent visiter la Maison M\u00e8re. Une communaut\u00e9 pour accompagner les p\u00e8lerins qui [&hellip;]<\/p>\n","protected":false},"author":6,"featured_media":27519,"comment_status":"closed","ping_status":"closed","sticky":false,"template":"","format":"standard","meta":{"ngg_post_thumbnail":0,"footnotes":""},"categories":[2714],"tags":[],"lang":"fr","translations":{"fr":27545},"pll_sync_post":[],"_links":{"self":[{"href":"https:\/\/soeurs-de-la-presentation-de-marie.org\/pom\/wp-json\/wp\/v2\/posts\/27545"}],"collection":[{"href":"https:\/\/soeurs-de-la-presentation-de-marie.org\/pom\/wp-json\/wp\/v2\/posts"}],"about":[{"href":"https:\/\/soeurs-de-la-presentation-de-marie.org\/pom\/wp-json\/wp\/v2\/types\/post"}],"author":[{"embeddable":true,"href":"https:\/\/soeurs-de-la-presentation-de-marie.org\/pom\/wp-json\/wp\/v2\/users\/6"}],"replies":[{"embeddable":true,"href":"https:\/\/soeurs-de-la-presentation-de-marie.org\/pom\/wp-json\/wp\/v2\/comments?post=27545"}],"version-history":[{"count":1,"href":"https:\/\/soeurs-de-la-presentation-de-marie.org\/pom\/wp-json\/wp\/v2\/posts\/27545\/revisions"}],"predecessor-version":[{"id":27546,"href":"https:\/\/soeurs-de-la-presentation-de-marie.org\/pom\/wp-json\/wp\/v2\/posts\/27545\/revisions\/27546"}],"wp:featuredmedia":[{"embeddable":true,"href":"https:\/\/soeurs-de-la-presentation-de-marie.org\/pom\/wp-json\/wp\/v2\/media\/27519"}],"wp:attachment":[{"href":"https:\/\/soeurs-de-la-presentation-de-marie.org\/pom\/wp-json\/wp\/v2\/media?parent=27545"}],"wp:term":[{"taxonomy":"category","embeddable":true,"href":"https:\/\/soeurs-de-la-presentation-de-marie.org\/pom\/wp-json\/wp\/v2\/categories?post=27545"},{"taxonomy":"post_tag","embeddable":true,"href":"https:\/\/soeurs-de-la-presentation-de-marie.org\/pom\/wp-json\/wp\/v2\/tags?post=27545"}],"curies":[{"name":"wp","href":"https:\/\/api.w.org\/{rel}","templated":true}]}}