{"id":31136,"date":"2023-05-26T16:00:30","date_gmt":"2023-05-26T14:00:30","guid":{"rendered":"https:\/\/soeurs-de-la-presentation-de-marie.org\/pom\/?p=31136"},"modified":"2023-07-23T00:08:54","modified_gmt":"2023-07-22T22:08:54","slug":"26-maio","status":"publish","type":"post","link":"https:\/\/soeurs-de-la-presentation-de-marie.org\/pom\/26-maio\/","title":{"rendered":"26 de Maio"},"content":{"rendered":"<h4 style=\"text-align: center;\"><span style=\"color: #666699;\">O Cap\u00edtulo geral \u00e9 uma celebra\u00e7\u00e3o da nossa comunh\u00e3o, patrim\u00f3nio e identidade comuns. Conhecermo-nos uns aos outros \u00e9 um aspecto importante duma assembleia capitular. O nosso dom de uni\u00e3o \u00e9 refor\u00e7ado e aprofundado para viver plenamente o nosso 29\u00ba Cap\u00edtulo geral, por isso come\u00e7amos hoje!<\/span><\/h4>\n<p>&nbsp;<\/p>\n<p><span style=\"color: #003366;\">No dia 26 de maio de 2023, assinal\u00e1mos um momento hist\u00f3rico, na hist\u00f3ria da Congrega\u00e7\u00e3o. Foi o primeiro dia do encontro virtual de tr\u00eas dias em prepara\u00e7\u00e3o ao 29\u00ba Cap\u00edtulo geral. As participantes, s\u00e3o as delegadas, as suplentes e as convidadas. Em pouco tempo, o ecr\u00e3 encheu-se de rostos alegres de Irm\u00e3s e dos seus ecos de ol\u00e1, tudo bem?<\/span><\/p>\n<p><span style=\"color: #003366;\">Depois da orienta\u00e7\u00e3o t\u00e9cnica, teve in\u00edcio a ora\u00e7\u00e3o. Foi sobre o tema do Cap\u00edtulo: <em>O amor de Cristo nos impele, avancemos nos passos de Santa Maria Rivier<\/em>.<\/span><\/p>\n<p><span style=\"color: #003366;\">O objetivo principal, do primeiro dia foi o de nos conhecermos mais umas \u00e0s outras. S Hort\u00eancia Ubisse exibiu um v\u00eddeo de apresenta\u00e7\u00e3o dSs delegadas, suplentes e convidadas do 29\u00ba Cap\u00edtulo Geral. A sess\u00e3o foi orientada pela Ir. Marian Murcia. Ela \u00e9 a nossa animadora do Cap\u00edtulo geral. Oriunda de Espanha, \u00e9 membro da Congrega\u00e7\u00e3o da Sagrada Fam\u00edlia de Bord\u00e9us.<\/span><\/p>\n<p><span style=\"color: #003366;\">A Madre Maria dos Anjos deu as boas-vindas e agradeceu a presen\u00e7a de todas nesta Assembleia Pr\u00e9-Capitular. A sua mensagem alimentou-nos na caminhada para os dias do Cap\u00edtulo geral. Ela destacou o dinamismo da sinodalidade na Igreja, para a qual tamb\u00e9m n\u00f3s somos chamadas a preparar-nos para o Cap\u00edtulo geral.<\/span><\/p>\n<p><span style=\"color: #003366;\">Exortou-nos a preparar este acontecimento <em>&#8220;com os p\u00e9s bem assentes na nossa realidade concreta e os olhos fixos no futuro, para onde o Senhor Jesus nos chama&#8230;&#8221;. <\/em><\/span><\/p>\n<p><span style=\"color: #003366;\">De seguida, as participantes foram divididas em pequenos grupos. Os 40 minutos de partilha deram-lhes o tempo suficiente para exprimir o que sentiram quando foram eleitas, para partilhar um s\u00edmbolo ou uma imagem ou a Palavra de Deus que as acompanha.&nbsp; Algumas Irm\u00e3s partilharam a sua experi\u00eancia e as suas ideias, no plen\u00e1rio, na sala principal. No final da sess\u00e3o, a Madre agradeceu a todos, especialmente \u00e0 Ir. Marian.<\/span><\/p>\n<p><span style=\"color: #003366;\">Chegou a hora da despedida. Para algumas Irm\u00e3s, o dia estava a terminar, enquanto para outras, o dia estava apenas no in\u00edcio.<\/span><\/p>\n<p>&nbsp;<\/p>\n<h3>Mensagem de Boas-vindas : <a href=\"https:\/\/soeurs-de-la-presentation-de-marie.org\/pom\/wp-content\/uploads\/2023\/05\/PORT_-PALAVRA-de-BOAS-VINDAS-26-mai-2023.pdf\">PORT_ PALAVRA de BOAS-VINDAS, 26 mai 2023<\/a><\/h3>\n","protected":false},"excerpt":{"rendered":"<p>O Cap\u00edtulo geral \u00e9 uma celebra\u00e7\u00e3o da nossa comunh\u00e3o, patrim\u00f3nio e identidade comuns. Conhecermo-nos uns aos outros \u00e9 um aspecto importante duma assembleia capitular. O nosso dom de uni\u00e3o \u00e9 refor\u00e7ado e aprofundado para viver plenamente o nosso 29\u00ba Cap\u00edtulo geral, por isso come\u00e7amos hoje! &nbsp; No dia 26 de maio de 2023, assinal\u00e1mos um [&hellip;]<\/p>\n","protected":false},"author":2,"featured_media":31302,"comment_status":"closed","ping_status":"closed","sticky":false,"template":"","format":"standard","meta":{"ngg_post_thumbnail":0,"footnotes":""},"categories":[3185],"tags":[],"lang":"pt","translations":{"pt":31136,"fr":31122,"en":31112,"es":31138},"pll_sync_post":[],"_links":{"self":[{"href":"https:\/\/soeurs-de-la-presentation-de-marie.org\/pom\/wp-json\/wp\/v2\/posts\/31136"}],"collection":[{"href":"https:\/\/soeurs-de-la-presentation-de-marie.org\/pom\/wp-json\/wp\/v2\/posts"}],"about":[{"href":"https:\/\/soeurs-de-la-presentation-de-marie.org\/pom\/wp-json\/wp\/v2\/types\/post"}],"author":[{"embeddable":true,"href":"https:\/\/soeurs-de-la-presentation-de-marie.org\/pom\/wp-json\/wp\/v2\/users\/2"}],"replies":[{"embeddable":true,"href":"https:\/\/soeurs-de-la-presentation-de-marie.org\/pom\/wp-json\/wp\/v2\/comments?post=31136"}],"version-history":[{"count":6,"href":"https:\/\/soeurs-de-la-presentation-de-marie.org\/pom\/wp-json\/wp\/v2\/posts\/31136\/revisions"}],"predecessor-version":[{"id":31476,"href":"https:\/\/soeurs-de-la-presentation-de-marie.org\/pom\/wp-json\/wp\/v2\/posts\/31136\/revisions\/31476"}],"wp:featuredmedia":[{"embeddable":true,"href":"https:\/\/soeurs-de-la-presentation-de-marie.org\/pom\/wp-json\/wp\/v2\/media\/31302"}],"wp:attachment":[{"href":"https:\/\/soeurs-de-la-presentation-de-marie.org\/pom\/wp-json\/wp\/v2\/media?parent=31136"}],"wp:term":[{"taxonomy":"category","embeddable":true,"href":"https:\/\/soeurs-de-la-presentation-de-marie.org\/pom\/wp-json\/wp\/v2\/categories?post=31136"},{"taxonomy":"post_tag","embeddable":true,"href":"https:\/\/soeurs-de-la-presentation-de-marie.org\/pom\/wp-json\/wp\/v2\/tags?post=31136"}],"curies":[{"name":"wp","href":"https:\/\/api.w.org\/{rel}","templated":true}]}}