{"id":31138,"date":"2023-05-26T16:00:44","date_gmt":"2023-05-26T14:00:44","guid":{"rendered":"https:\/\/soeurs-de-la-presentation-de-marie.org\/pom\/?p=31138"},"modified":"2023-07-23T00:10:04","modified_gmt":"2023-07-22T22:10:04","slug":"26-de-mayo","status":"publish","type":"post","link":"https:\/\/soeurs-de-la-presentation-de-marie.org\/pom\/26-de-mayo\/","title":{"rendered":"26 de Mayo"},"content":{"rendered":"<h4 style=\"text-align: center;\"><span style=\"color: #808080;\">El Cap\u00edtulo General es una celebraci\u00f3n de nuestra comuni\u00f3n, patrimonio e identidad comunes. Conocernos unos a otros es un aspecto importante de la reuni\u00f3n de un Cap\u00edtulo. Nuestro don de uni\u00f3n se potencia y profundiza al vivir plenamente nuestro 29\u00ba Cap\u00edtulo General, \u00a1as\u00ed que empezamos hoy!<\/span><\/h4>\n<p>&nbsp;<\/p>\n<p><span style=\"color: #003366;\">El 26 de mayo de 2023 marcamos un momento hist\u00f3rico en la historia de la Congregaci\u00f3n. Fue el primer d\u00eda de la reuni\u00f3n virtual de tres d\u00edas de preparaci\u00f3n del 29\u00ba Cap\u00edtulo General. Las participantes son las delegadas, suplentes e invitadas. En un abrir y cerrar de ojos, la pantalla se pobl\u00f3 de los rostros alegres de las Hermanas y de sus saludos alegres.<\/span><\/p>\n<p><span style=\"color: #003366;\">Tras la orientaci\u00f3n t\u00e9cnica, comenz\u00f3 la oraci\u00f3n. Versaba sobre el tema del Cap\u00edtulo: <em>El amor de Cristo nos apremia avancemos tras los pasos de Santa Mar\u00eda Rivier<\/em><\/span><\/p>\n<p><span style=\"color: #003366;\">El objetivo principal de la primera jornada era conocerse unas a otras. La sesi\u00f3n fue facilitada por S. Marian Murcia. Ella es nuestra animadora del Cap\u00edtulo General. Procede de Espa\u00f1a y es miembro de la Congregaci\u00f3n de la Sagrada Familia de Burdeos.<\/span><\/p>\n<p><span style=\"color: #003366;\">La Madre Mar\u00eda dos Anjos dio la bienvenida y agradeci\u00f3 a todas su presencia en esta Asamblea Precapitular. Su mensaje nos nutri\u00f3 en este momento en que nos acercamos a los d\u00edas del Cap\u00edtulo General. Se\u00f1al\u00f3 el dinamismo de la Sinodalidad en la Iglesia, vitalidad a la que tambi\u00e9n estamos llamadas a prepararnos para nuestro Cap\u00edtulo General.<\/span><\/p>\n<p><span style=\"color: #003366;\">Nos insisti\u00f3 a prepararnos para este acontecimiento <strong><em>&#8220;con los pies firmemente plantados en nuestra realidad concreta y la mirada fija en el futuro, adonde nos llama el Se\u00f1or Jes\u00fas&#8230;&#8221; <\/em><\/strong><\/span><\/p>\n<p><span style=\"color: #003366;\">A continuaci\u00f3n, las participantes se dividieron en peque\u00f1os grupos. Los 40 minutos de puesta en com\u00fan les dieron tiempo suficiente para expresar c\u00f3mo se sintieron cuando fueron elegidas; para compartir un s\u00edmbolo o imagen o la Palabra de Dios que les acompa\u00f1aba.&nbsp; Algunas Hermanas compartieron su experiencia y sus impresiones durante la sesi\u00f3n en la sala principal.<\/span><\/p>\n<p><span style=\"color: #003366;\">Era hora de despedirse. Para algunas Hermanas, el d\u00eda tocaba a su fin, mientras que para otras, \u00a1no hab\u00eda hecho m\u00e1s que empezar!<\/span><\/p>\n<p>&nbsp;<\/p>\n<h3><strong>Mensaje de acogida:&nbsp;<a href=\"https:\/\/soeurs-de-la-presentation-de-marie.org\/pom\/wp-content\/uploads\/2023\/05\/ESP-MOT-de-BIENVENUE-26-mai-2023.pdf\">ESP MOT de BIENVENUE 26 mai 2023<\/a><\/strong><\/h3>\n","protected":false},"excerpt":{"rendered":"<p>El Cap\u00edtulo General es una celebraci\u00f3n de nuestra comuni\u00f3n, patrimonio e identidad comunes. Conocernos unos a otros es un aspecto importante de la reuni\u00f3n de un Cap\u00edtulo. Nuestro don de uni\u00f3n se potencia y profundiza al vivir plenamente nuestro 29\u00ba Cap\u00edtulo General, \u00a1as\u00ed que empezamos hoy! &nbsp; El 26 de mayo de 2023 marcamos un [&hellip;]<\/p>\n","protected":false},"author":2,"featured_media":31509,"comment_status":"closed","ping_status":"closed","sticky":false,"template":"","format":"standard","meta":{"ngg_post_thumbnail":0,"footnotes":""},"categories":[3187],"tags":[],"lang":"es","translations":{"es":31138,"fr":31122,"en":31112,"pt":31136},"pll_sync_post":[],"_links":{"self":[{"href":"https:\/\/soeurs-de-la-presentation-de-marie.org\/pom\/wp-json\/wp\/v2\/posts\/31138"}],"collection":[{"href":"https:\/\/soeurs-de-la-presentation-de-marie.org\/pom\/wp-json\/wp\/v2\/posts"}],"about":[{"href":"https:\/\/soeurs-de-la-presentation-de-marie.org\/pom\/wp-json\/wp\/v2\/types\/post"}],"author":[{"embeddable":true,"href":"https:\/\/soeurs-de-la-presentation-de-marie.org\/pom\/wp-json\/wp\/v2\/users\/2"}],"replies":[{"embeddable":true,"href":"https:\/\/soeurs-de-la-presentation-de-marie.org\/pom\/wp-json\/wp\/v2\/comments?post=31138"}],"version-history":[{"count":6,"href":"https:\/\/soeurs-de-la-presentation-de-marie.org\/pom\/wp-json\/wp\/v2\/posts\/31138\/revisions"}],"predecessor-version":[{"id":31556,"href":"https:\/\/soeurs-de-la-presentation-de-marie.org\/pom\/wp-json\/wp\/v2\/posts\/31138\/revisions\/31556"}],"wp:featuredmedia":[{"embeddable":true,"href":"https:\/\/soeurs-de-la-presentation-de-marie.org\/pom\/wp-json\/wp\/v2\/media\/31509"}],"wp:attachment":[{"href":"https:\/\/soeurs-de-la-presentation-de-marie.org\/pom\/wp-json\/wp\/v2\/media?parent=31138"}],"wp:term":[{"taxonomy":"category","embeddable":true,"href":"https:\/\/soeurs-de-la-presentation-de-marie.org\/pom\/wp-json\/wp\/v2\/categories?post=31138"},{"taxonomy":"post_tag","embeddable":true,"href":"https:\/\/soeurs-de-la-presentation-de-marie.org\/pom\/wp-json\/wp\/v2\/tags?post=31138"}],"curies":[{"name":"wp","href":"https:\/\/api.w.org\/{rel}","templated":true}]}}