{"id":31151,"date":"2023-05-27T23:01:48","date_gmt":"2023-05-27T21:01:48","guid":{"rendered":"https:\/\/soeurs-de-la-presentation-de-marie.org\/pom\/?p=31151"},"modified":"2023-07-23T00:09:04","modified_gmt":"2023-07-22T22:09:04","slug":"27-de-maio","status":"publish","type":"post","link":"https:\/\/soeurs-de-la-presentation-de-marie.org\/pom\/27-de-maio\/","title":{"rendered":"27 de Maio"},"content":{"rendered":"<p style=\"text-align: center;\"><strong><span style=\"color: #003300;\">O Cap\u00edtulo geral \u00e9 um acontecimento eclesial onde os participantes se re\u00fanem em nome de Jesus Cristo. Em seu nome, o Cap\u00edtulo tem a miss\u00e3o de discernir as inspira\u00e7\u00f5es do Esp\u00edrito Santo para ser fiel ao Carisma da nossa Fundadora e torn\u00e1-lo atual no mundo do s\u00e9culo XXI. Viver o discernimento em abund\u00e2ncia durante o Cap\u00edtulo, come\u00e7a hoje&#8230;<\/span><\/strong><\/p>\n<p>&nbsp;<\/p>\n<p><span style=\"color: #333300;\">O encontro come\u00e7ou com uma ora\u00e7\u00e3o preparada pela Irm\u00e3 Charito Gorgonio, utilizando os elementos do log\u00f3tipo do Cap\u00edtulo geral: o globo terrestre, o Esp\u00edrito Santo, a cruz verde, o cora\u00e7\u00e3o e Santa Maria Rivier.<\/span><\/p>\n<p><span style=\"color: #333300;\">Foi com grande alegria que volt\u00e1mos a ver o v\u00eddeo da apresenta\u00e7\u00e3o das participantes.&nbsp;<\/span><\/p>\n<p><span style=\"color: #333300;\">A Irm\u00e3 Marian Murcia, moderadora do Cap\u00edtulo, fez uma <strong><em>introdu\u00e7\u00e3o ao processo de discernimento no Cap\u00edtulo geral<\/em><\/strong><em>.<\/em>&nbsp; Estamos reunidas em nome de Cristo, e o Cap\u00edtulo \u00e9 um momento privilegiado de discernimento.&nbsp; A escuta profunda \u00e9 uma atitude a ter, bem como a aten\u00e7\u00e3o ao di\u00e1logo, porque a verdade assume diferentes rostos e ningu\u00e9m tem toda a verdade.&nbsp; \u00c9 importante ser capaz de exprimir as pr\u00f3prias opini\u00f5es, sabendo ao mesmo tempo libertar-se.&nbsp;<\/span><\/p>\n<p>ngg_shortcode_0_placeholder<span style=\"color: #333300;\">Temos de estar atentos aos nossos preconceitos, aos nossos bloqueios, \u00e0s nossas resist\u00eancias que nos podem impedir de escutar o Esp\u00edrito de Deus e \u00e0quilo que nos d\u00e1 mais f\u00e9, esperan\u00e7a e amor. Prestamos aten\u00e7\u00e3o \u00e0s consola\u00e7\u00f5es e desola\u00e7\u00f5es para descobrir a direc\u00e7\u00e3o que o Esp\u00edrito nos indica.&nbsp; Este discernimento exige que estejamos bem informados sobre os sinais dos tempos, os acontecimentos mundiais e os v\u00e1rios contextos em que vivemos, a fim de procurarmos o bem comum da Congrega\u00e7\u00e3o.&nbsp; Estamos a aprender a passar do &#8220;<strong><em>eu<\/em><\/strong>&#8221; ao &#8220;<strong><em>n\u00f3s&#8221;<\/em><\/strong>, porque a Congrega\u00e7\u00e3o \u00e9 um corpo e estamos conscientes da nossa voca\u00e7\u00e3o comum, do nosso carisma e da nossa miss\u00e3o.<\/span><\/p>\n<p><span style=\"color: #333300;\">Partilh\u00e1mos em pequenos grupos a nossa experi\u00eancia de discernimento e a forma como a nossa compreens\u00e3o do discernimento evoluiu ao longo dos anos.&nbsp; N\u00e3o tenhamos medo do futuro e vivamos com confian\u00e7a.&nbsp; Rezamos uns pelos outros para viver o Cap\u00edtulo em liberdade, amor e paz.<\/span><\/p>\n<p>ngg_shortcode_1_placeholder<span style=\"color: #333300;\">No final, Madre Maria dos Anjos Alves agradeceu \u00e0 Irm\u00e3 Charito e \u00e0 Irm\u00e3 Marian pelas suas contribui\u00e7\u00f5es.&nbsp; Com o Esp\u00edrito, podemos sonhar muito alto, partindo da realidade concreta, para amar mais e melhor.&nbsp; Nesta Vig\u00edlia de Pentecostes, avancemos na santidade da nossa voca\u00e7\u00e3o, rumo ao que Deus quer para n\u00f3s hoje.<\/span><\/p>\n<p><span style=\"color: #333300;\">Terminamos o encontro cantando a <em>Salve Regina!<\/em><\/span><\/p>\n<p>&nbsp;<\/p>\n<h3><a href=\"https:\/\/soeurs-de-la-presentation-de-marie.org\/pom\/wp-content\/uploads\/2023\/05\/FRAN-INTRO-DISCERNEMENT.pdf\">Confer\u00eancia: <\/a><a href=\"https:\/\/soeurs-de-la-presentation-de-marie.org\/pom\/wp-content\/uploads\/2023\/05\/PORT-Introducao-Discernimento-Espiritual.pdf\">PORT Introdu\u00e7\u00e3o Discernimento Espiritual<\/a><\/h3>\n","protected":false},"excerpt":{"rendered":"<p>O Cap\u00edtulo geral \u00e9 um acontecimento eclesial onde os participantes se re\u00fanem em nome de Jesus Cristo. Em seu nome, o Cap\u00edtulo tem a miss\u00e3o de discernir as inspira\u00e7\u00f5es do Esp\u00edrito Santo para ser fiel ao Carisma da nossa Fundadora e torn\u00e1-lo atual no mundo do s\u00e9culo XXI. Viver o discernimento em abund\u00e2ncia durante o [&hellip;]<\/p>\n","protected":false},"author":2,"featured_media":31298,"comment_status":"closed","ping_status":"closed","sticky":false,"template":"","format":"standard","meta":{"ngg_post_thumbnail":0,"footnotes":""},"categories":[3185],"tags":[],"lang":"pt","translations":{"pt":31151,"fr":31147,"en":31141,"es":31153},"pll_sync_post":[],"_links":{"self":[{"href":"https:\/\/soeurs-de-la-presentation-de-marie.org\/pom\/wp-json\/wp\/v2\/posts\/31151"}],"collection":[{"href":"https:\/\/soeurs-de-la-presentation-de-marie.org\/pom\/wp-json\/wp\/v2\/posts"}],"about":[{"href":"https:\/\/soeurs-de-la-presentation-de-marie.org\/pom\/wp-json\/wp\/v2\/types\/post"}],"author":[{"embeddable":true,"href":"https:\/\/soeurs-de-la-presentation-de-marie.org\/pom\/wp-json\/wp\/v2\/users\/2"}],"replies":[{"embeddable":true,"href":"https:\/\/soeurs-de-la-presentation-de-marie.org\/pom\/wp-json\/wp\/v2\/comments?post=31151"}],"version-history":[{"count":6,"href":"https:\/\/soeurs-de-la-presentation-de-marie.org\/pom\/wp-json\/wp\/v2\/posts\/31151\/revisions"}],"predecessor-version":[{"id":31490,"href":"https:\/\/soeurs-de-la-presentation-de-marie.org\/pom\/wp-json\/wp\/v2\/posts\/31151\/revisions\/31490"}],"wp:featuredmedia":[{"embeddable":true,"href":"https:\/\/soeurs-de-la-presentation-de-marie.org\/pom\/wp-json\/wp\/v2\/media\/31298"}],"wp:attachment":[{"href":"https:\/\/soeurs-de-la-presentation-de-marie.org\/pom\/wp-json\/wp\/v2\/media?parent=31151"}],"wp:term":[{"taxonomy":"category","embeddable":true,"href":"https:\/\/soeurs-de-la-presentation-de-marie.org\/pom\/wp-json\/wp\/v2\/categories?post=31151"},{"taxonomy":"post_tag","embeddable":true,"href":"https:\/\/soeurs-de-la-presentation-de-marie.org\/pom\/wp-json\/wp\/v2\/tags?post=31151"}],"curies":[{"name":"wp","href":"https:\/\/api.w.org\/{rel}","templated":true}]}}