{"id":31225,"date":"2023-05-28T16:40:57","date_gmt":"2023-05-28T14:40:57","guid":{"rendered":"https:\/\/soeurs-de-la-presentation-de-marie.org\/pom\/?p=31225"},"modified":"2023-07-23T00:08:04","modified_gmt":"2023-07-22T22:08:04","slug":"28-mai","status":"publish","type":"post","link":"https:\/\/soeurs-de-la-presentation-de-marie.org\/pom\/28-mai\/","title":{"rendered":"28 Mai"},"content":{"rendered":"<p style=\"text-align: center;\"><span style=\"color: #666699;\">Aujourd\u2019hui, c\u2019est la f\u00eate de la Pentec\u00f4te, l\u2019effusion du Saint-Esprit sur l\u2019Eglise. Un Chapitre g\u00e9n\u00e9ral est une exp\u00e9rience de Pentec\u00f4te. Dans la session, nous sommes invit\u00e9es \u00e0 nous poser la question suivante : Quelle Pentec\u00f4te sommes-nous appel\u00e9es \u00e0 vivre dans la Congr\u00e9gation ? Une question qui nous am\u00e8nera \u00e0 un horizon nouveau et plus large. Aujourd\u2019hui, les petits pas commencent&#8230;&nbsp;<\/span><\/p>\n<p>&nbsp;<\/p>\n<p><span style=\"color: #003366;\">Bonne f\u00eate de la Pentec\u00f4te !<\/span><\/p>\n<p><span style=\"color: #003366;\">Notre pri\u00e8re d&#8217;ouverture aujourd&#8217;hui \u00e9tait le magnifique hymne Veni Creator Spiritus chant\u00e9 par les Cantos Catolico. Imm\u00e9diatement apr\u00e8s la pri\u00e8re, S\u0153ur Marian a donn\u00e9 une orientation pour le partage en groupes. Ensuite, les participantes ont rejoint leur groupe linguistique dans les salles pour partager sur les questions suivantes :<\/span><\/p>\n<p><span style=\"color: #003366;\">&nbsp; &nbsp; &nbsp; &nbsp; &nbsp; &nbsp; &nbsp; &nbsp; &#8211; Quelle est la Pentec\u00f4te que nous sommes appel\u00e9es \u00e0 vivre en tant que Congr\u00e9gation ?<\/span><\/p>\n<p><span style=\"color: #003366;\">&nbsp; &nbsp; &nbsp; &nbsp; &nbsp; &nbsp; &nbsp; &nbsp; &#8211; Quels sont les \u00e9l\u00e9ments que nous voulons mettre en valeur ?<\/span><\/p>\n<p><span style=\"color: #003366;\">Des secr\u00e9taires ont \u00e9t\u00e9 choisies dans chaque groupe pour prendre note des id\u00e9es partag\u00e9es et ils ont fait leur rapport lors de la session pl\u00e9ni\u00e8re. Le partage a \u00e9t\u00e9 remarquable. Il y a eu de l&#8217;ouverture et les r\u00e9actions des groupes ont \u00e9t\u00e9 tr\u00e8s bonnes.&nbsp;<\/span><\/p>\n<p><span style=\"color: #003366;\"><img loading=\"lazy\" decoding=\"async\" class=\"alignleft wp-image-31534 \" src=\"https:\/\/soeurs-de-la-presentation-de-marie.org\/pom\/wp-content\/uploads\/2023\/05\/May-28-5.png\" alt=\"\" width=\"367\" height=\"233\"><\/span><\/p>\n<p>&nbsp;<\/p>\n<p><span style=\"color: #003366;\">Des secr\u00e9taires ont \u00e9t\u00e9 choisies dans chaque groupe pour prendre note des id\u00e9es partag\u00e9es et ils ont fait leur rapport lors de la session pl\u00e9ni\u00e8re. Le partage a \u00e9t\u00e9 remarquable. Il y a eu de l&#8217;ouverture et les r\u00e9actions des groupes ont \u00e9t\u00e9 tr\u00e8s bonnes.&nbsp;<\/span><\/p>\n<p><span style=\"color: #003366;\">M\u00e8re Maria dos Anjos a donn\u00e9 son message de conclusion et a remerci\u00e9 tous les participantes et en particulier, notre facilitatrice, S\u0153ur Marian Murcia. Elle a \u00e9galement partag\u00e9 les nouvelles familiales suivantes :<\/span><\/p>\n<p>&nbsp;<\/p>\n<p>&nbsp; &nbsp; &nbsp; &nbsp; &nbsp; <span style=\"color: #003366;\">&nbsp; &nbsp;&#8211; Notre groupe capitulaire aura la joie d&#8217;une audience priv\u00e9e avec le Pape Fran\u00e7ois le 28 ao\u00fbt.&nbsp;&nbsp;<\/span><\/p>\n<p><span style=\"color: #003366;\">&nbsp; &nbsp; &nbsp; &nbsp; &nbsp; &nbsp; &#8211; Notre postulateur viendra au Chapitre pour rencontrer les s\u0153urs<\/span><\/p>\n<p><span style=\"color: #003366;\">Les s\u0153urs suivantes ont \u00e9galement partag\u00e9 des nouvelles :<\/span><\/p>\n<p><span style=\"color: #003366;\">&nbsp; &nbsp; &nbsp; &nbsp; &nbsp; &nbsp; &#8211; S Charito a pr\u00e9sent\u00e9 la page d&#8217;accueil du site web du 29\u00e8me Chapitre G\u00e9n\u00e9ral.&nbsp; Ce site sera&nbsp; &nbsp; &nbsp; &nbsp; &nbsp; &nbsp; &nbsp; &nbsp; &nbsp; &nbsp; &nbsp; &nbsp; &nbsp; &nbsp; notre lien avec les s\u0153urs du monde entier.<\/span><\/p>\n<p><span style=\"color: #003366;\">&nbsp; &nbsp; &nbsp; &nbsp; &nbsp; &nbsp; &#8211; S Claudette a annonc\u00e9 la publication d&#8217;une bande dessin\u00e9e de SAINT MARIE RIVIER qui sera&nbsp; &nbsp; &nbsp; &nbsp; &nbsp; &nbsp; &nbsp; &nbsp; &nbsp; &nbsp; &nbsp; &nbsp; &nbsp; &nbsp; &nbsp; &nbsp; &nbsp; &nbsp; &nbsp; &nbsp;pr\u00eate \u00e0 \u00eatre livr\u00e9e \u00e0 la mi-juin.<\/span><\/p>\n<p><span style=\"color: #003366;\">&nbsp; &nbsp; &nbsp; &nbsp; &nbsp; &nbsp;&#8211; S Louise nous a rappel\u00e9 les prochaines r\u00e9unions Zoom des 7 et 8 juillet avec les Associ\u00e9s et les La\u00efcs Consacr\u00e9s.<\/span><\/p>\n<p>ngg_shortcode_0_placeholder<span style=\"color: #003366;\">Pour conclure la session, S Claudette a remerci\u00e9 notre \u00e9quipe d&#8217;interpr\u00e8tes qui a fait un excellent travail en \u00e9tant nos ponts linguistiques pendant ces journ\u00e9es. En tant qu&#8217;interpr\u00e8tes, ils nous ont aid\u00e9s \u00e0 vivre une exp\u00e9rience de Pentec\u00f4te !<\/span><\/p>\n<p><span style=\"color: #003366;\">Le chant du Salve Regina a mis fin \u00e0 notre session.<\/span><\/p>\n","protected":false},"excerpt":{"rendered":"<p>Aujourd\u2019hui, c\u2019est la f\u00eate de la Pentec\u00f4te, l\u2019effusion du Saint-Esprit sur l\u2019Eglise. Un Chapitre g\u00e9n\u00e9ral est une exp\u00e9rience de Pentec\u00f4te. Dans la session, nous sommes invit\u00e9es \u00e0 nous poser la question suivante : Quelle Pentec\u00f4te sommes-nous appel\u00e9es \u00e0 vivre dans la Congr\u00e9gation ? Une question qui nous am\u00e8nera \u00e0 un horizon nouveau et plus large. [&hellip;]<\/p>\n","protected":false},"author":2,"featured_media":31504,"comment_status":"closed","ping_status":"closed","sticky":false,"template":"","format":"standard","meta":{"ngg_post_thumbnail":0,"footnotes":""},"categories":[3183],"tags":[],"lang":"fr","translations":{"fr":31225,"en":31223,"es":31581},"pll_sync_post":[],"_links":{"self":[{"href":"https:\/\/soeurs-de-la-presentation-de-marie.org\/pom\/wp-json\/wp\/v2\/posts\/31225"}],"collection":[{"href":"https:\/\/soeurs-de-la-presentation-de-marie.org\/pom\/wp-json\/wp\/v2\/posts"}],"about":[{"href":"https:\/\/soeurs-de-la-presentation-de-marie.org\/pom\/wp-json\/wp\/v2\/types\/post"}],"author":[{"embeddable":true,"href":"https:\/\/soeurs-de-la-presentation-de-marie.org\/pom\/wp-json\/wp\/v2\/users\/2"}],"replies":[{"embeddable":true,"href":"https:\/\/soeurs-de-la-presentation-de-marie.org\/pom\/wp-json\/wp\/v2\/comments?post=31225"}],"version-history":[{"count":12,"href":"https:\/\/soeurs-de-la-presentation-de-marie.org\/pom\/wp-json\/wp\/v2\/posts\/31225\/revisions"}],"predecessor-version":[{"id":31551,"href":"https:\/\/soeurs-de-la-presentation-de-marie.org\/pom\/wp-json\/wp\/v2\/posts\/31225\/revisions\/31551"}],"wp:featuredmedia":[{"embeddable":true,"href":"https:\/\/soeurs-de-la-presentation-de-marie.org\/pom\/wp-json\/wp\/v2\/media\/31504"}],"wp:attachment":[{"href":"https:\/\/soeurs-de-la-presentation-de-marie.org\/pom\/wp-json\/wp\/v2\/media?parent=31225"}],"wp:term":[{"taxonomy":"category","embeddable":true,"href":"https:\/\/soeurs-de-la-presentation-de-marie.org\/pom\/wp-json\/wp\/v2\/categories?post=31225"},{"taxonomy":"post_tag","embeddable":true,"href":"https:\/\/soeurs-de-la-presentation-de-marie.org\/pom\/wp-json\/wp\/v2\/tags?post=31225"}],"curies":[{"name":"wp","href":"https:\/\/api.w.org\/{rel}","templated":true}]}}