{"id":31227,"date":"2023-05-28T16:41:15","date_gmt":"2023-05-28T14:41:15","guid":{"rendered":"https:\/\/soeurs-de-la-presentation-de-marie.org\/pom\/?p=31227"},"modified":"2023-07-23T00:09:16","modified_gmt":"2023-07-22T22:09:16","slug":"28-maio","status":"publish","type":"post","link":"https:\/\/soeurs-de-la-presentation-de-marie.org\/pom\/28-maio\/","title":{"rendered":"28 Maio"},"content":{"rendered":"<p style=\"text-align: center;\"><span style=\"color: #666699;\">Hoje \u00e9 a festa do Pentecostes, efus\u00e3o do Esp\u00edrito Santo sobre a Igreja. Um Cap\u00edtulo geral \u00e9 uma experi\u00eancia de Pentecostes. Na sess\u00e3o, somos levadas a reflectir sobre a quest\u00e3o: &#8220;Que Pentecostes somos chamadas a viver na Congrega\u00e7\u00e3o? Uma pergunta que nos levar\u00e1 a um horizonte novo e mais alargado. Hoje, come\u00e7a os pequenos passos&#8230;&nbsp;&nbsp;<\/span><\/p>\n<p>&nbsp;<\/p>\n<p><span style=\"color: #003366;\">Feliz Pentecostes!<\/span><\/p>\n<p><span style=\"color: #003366;\">A sess\u00e3o come\u00e7ou com o belo hino Veni Creator Spiritus cantado pelos Cantores Cat\u00f3licos como a nossa ora\u00e7\u00e3o do dia.&nbsp; Imediatamente ap\u00f3s a ora\u00e7\u00e3o, a Irm\u00e3 Marian deu as orienta\u00e7\u00f5es para a partilha em grupo. As participantes foram orientadas para os grupos onde deram in\u00edcio a partilha das seguintes quest\u00f5es:<\/span><\/p>\n<ul>\n<li><span style=\"color: #003366;\"><strong>Qual \u00e9 o Pentecostes que somos chamadas a viver como Congrega\u00e7\u00e3o? <\/strong><\/span><\/li>\n<li><span style=\"color: #003366;\"><strong>Quais s\u00e3o os elementos que queremos real\u00e7ar?<\/strong><\/span><\/li>\n<\/ul>\n<p>&nbsp;<\/p>\n<p><span style=\"color: #003366;\"><img loading=\"lazy\" decoding=\"async\" class=\"alignleft wp-image-31536 \" src=\"https:\/\/soeurs-de-la-presentation-de-marie.org\/pom\/wp-content\/uploads\/2023\/05\/May-28-5.png\" alt=\"\" width=\"364\" height=\"231\"><\/span><\/p>\n<p>&nbsp;<\/p>\n<p><span style=\"color: #003366;\">Os grupos escolheram as secret\u00e1rias para tomarem notas e partilh\u00e1-las na sala principal durante a sess\u00e3o plen\u00e1ria. Na sess\u00e3o plen\u00e1ria da partilha foi not\u00e1vel, a abertura e um \u00f3timo feedback por parte dos grupos.&nbsp; Todos os pontos partilhados foram registados.<\/span><\/p>\n<p><span style=\"color: #003366;\">A Madre apresentou a sua mensagem de encerramento, agradecendo a todas as participantes, em particular, \u00e0 moderadora S. Marian Murcia e deu tamb\u00e9m algumas not\u00edcias sobre a nossa fam\u00edlia religiosa e durante o Cap\u00edtulo geral.<\/span><\/p>\n<p><span style=\"color: #003366;\">&#8211; As capitulantes ter\u00e3o uma audi\u00eancia privada com o Papa Francisco no dia 28 &nbsp;&nbsp;de agosto.&nbsp;&nbsp;<\/span><\/p>\n<p><span style=\"color: #003366;\">-O Postulador vai encontrar e cumprimentar as Irm\u00e3s capitulantes durante o Cap\u00edtulo.<\/span><\/p>\n<p><span style=\"color: #003366;\">A Madre deu palavra \u00e0 outras irm\u00e3s que tinham algumas not\u00edcias a partilhar:<\/span><\/p>\n<ul>\n<li><span style=\"color: #003366;\">Irm\u00e3 Charito apresentou a p\u00e1gina inicial do Site web do 29\u00ba Cap\u00edtulo Geral. Esta P\u00e1gina Web ser\u00e1 a nossa liga\u00e7\u00e3o com as irm\u00e3s de todo o mundo.<\/span><\/li>\n<li><span style=\"color: #003366;\">Irm\u00e3 Claudette anunciou a publica\u00e7\u00e3o da biografia de Santa Marie Rivier.<\/span><\/li>\n<li><span style=\"color: #003366;\">A Irm\u00e3 Louise recordou que o pr\u00f3ximo encontro ZOOM ter\u00e1 lugar nos dias 7 e 8 de julho com os membros da fam\u00edlia espiritual.<\/span><\/li>\n<\/ul>\n<p>ngg_shortcode_0_placeholder<span style=\"color: #003366;\">Para concluir a sess\u00e3o, a Irm\u00e3 Claudette agradeceu \u00e0 equipa de int\u00e9rpretes que fez um excelente trabalho como ponte lingu\u00edstica durante estes dias. Como int\u00e9rpretes, ajudaram-nos a viver o Pentecostes! Que Deus vos aben\u00e7oe a todos!<\/span><\/p>\n<p><span style=\"color: #003366;\">Para terminar a sess\u00e3o, cant\u00e1mos a Salve Regina.<\/span><\/p>\n","protected":false},"excerpt":{"rendered":"<p>Hoje \u00e9 a festa do Pentecostes, efus\u00e3o do Esp\u00edrito Santo sobre a Igreja. Um Cap\u00edtulo geral \u00e9 uma experi\u00eancia de Pentecostes. Na sess\u00e3o, somos levadas a reflectir sobre a quest\u00e3o: &#8220;Que Pentecostes somos chamadas a viver na Congrega\u00e7\u00e3o? Uma pergunta que nos levar\u00e1 a um horizonte novo e mais alargado. Hoje, come\u00e7a os pequenos passos&#8230;&nbsp;&nbsp; [&hellip;]<\/p>\n","protected":false},"author":2,"featured_media":31294,"comment_status":"closed","ping_status":"closed","sticky":false,"template":"","format":"standard","meta":{"ngg_post_thumbnail":0,"footnotes":""},"categories":[3185],"tags":[],"lang":"pt","translations":{"pt":31227},"pll_sync_post":[],"_links":{"self":[{"href":"https:\/\/soeurs-de-la-presentation-de-marie.org\/pom\/wp-json\/wp\/v2\/posts\/31227"}],"collection":[{"href":"https:\/\/soeurs-de-la-presentation-de-marie.org\/pom\/wp-json\/wp\/v2\/posts"}],"about":[{"href":"https:\/\/soeurs-de-la-presentation-de-marie.org\/pom\/wp-json\/wp\/v2\/types\/post"}],"author":[{"embeddable":true,"href":"https:\/\/soeurs-de-la-presentation-de-marie.org\/pom\/wp-json\/wp\/v2\/users\/2"}],"replies":[{"embeddable":true,"href":"https:\/\/soeurs-de-la-presentation-de-marie.org\/pom\/wp-json\/wp\/v2\/comments?post=31227"}],"version-history":[{"count":4,"href":"https:\/\/soeurs-de-la-presentation-de-marie.org\/pom\/wp-json\/wp\/v2\/posts\/31227\/revisions"}],"predecessor-version":[{"id":31564,"href":"https:\/\/soeurs-de-la-presentation-de-marie.org\/pom\/wp-json\/wp\/v2\/posts\/31227\/revisions\/31564"}],"wp:featuredmedia":[{"embeddable":true,"href":"https:\/\/soeurs-de-la-presentation-de-marie.org\/pom\/wp-json\/wp\/v2\/media\/31294"}],"wp:attachment":[{"href":"https:\/\/soeurs-de-la-presentation-de-marie.org\/pom\/wp-json\/wp\/v2\/media?parent=31227"}],"wp:term":[{"taxonomy":"category","embeddable":true,"href":"https:\/\/soeurs-de-la-presentation-de-marie.org\/pom\/wp-json\/wp\/v2\/categories?post=31227"},{"taxonomy":"post_tag","embeddable":true,"href":"https:\/\/soeurs-de-la-presentation-de-marie.org\/pom\/wp-json\/wp\/v2\/tags?post=31227"}],"curies":[{"name":"wp","href":"https:\/\/api.w.org\/{rel}","templated":true}]}}