{"id":31763,"date":"2023-06-24T15:19:22","date_gmt":"2023-06-24T13:19:22","guid":{"rendered":"https:\/\/soeurs-de-la-presentation-de-marie.org\/pom\/?p=31763"},"modified":"2023-07-07T12:13:46","modified_gmt":"2023-07-07T10:13:46","slug":"journees-mondiales-de-la-jeunesse-lisbonne","status":"publish","type":"post","link":"https:\/\/soeurs-de-la-presentation-de-marie.org\/pom\/journees-mondiales-de-la-jeunesse-lisbonne\/","title":{"rendered":"Journ\u00e9es Mondiales de la Jeunesse Lisbonne 2023"},"content":{"rendered":"<p>&nbsp;<\/p>\n<h1 style=\"text-align: center;\"><span style=\"color: #003366;\">Comme Marie, avan\u00e7ons en h\u00e2te vers les JMJ 2023 !<\/span><\/h1>\n<p><span style=\"color: #003366;\">Notre Congr\u00e9gation a inscrit 167 participants aux <a href=\"https:\/\/www.lisboa2023.org\/fr\">Journ\u00e9es Mondiales de la Jeunesse 2023 \u00e0 Lisbonne, au Portugal.<\/a> Parmi les milliers, 167 jeunes PM, religieuses et accompagnateurs adultes, pr\u00e9parent leur voyage \u00e0 Lisbonne pour vivre un temps fort avec le Pape Fran\u00e7ois. Les Journ\u00e9es Mondiales de la Jeunesse sont un \u00e9v\u00e9nement mondial, ouvert \u00e0 la jeunesse, qui se tiendra du 26 juillet au 6 ao\u00fbt 2023 sur le th\u00e8me :<em> &#8220;Marie se leva et partit en h\u00e2te.&#8221;<\/em> (Lc 1, 39)<\/span><\/p>\n<p><span style=\"color: #003366;\">Depuis janvier 2023, le groupe de jeunes de la <em>Casa Maria<\/em> de la Province du Portugal et l&#8217;Administration G\u00e9n\u00e9rale organisent des rencontres ZOOM pour les responsables de chaque d\u00e9l\u00e9gation. <\/span><\/p>\n<p>ngg_shortcode_0_placeholder<span style=\"color: #003366;\">Certains participants du groupe ont initi\u00e9 des sessions hebdomadaires, bihebdomadaires ou mensuelles, dans leur propre pays, en utilisant la <a href=\"https:\/\/www.lisboa2023.org\/fr#\">pr\u00e9paration spirituelle cr\u00e9\u00e9e par le Comit\u00e9 des JMJ,<\/a> \u00e0 Lisbonne. Certains participants ont pr\u00e9par\u00e9 des vid\u00e9os pour promouvoir l&#8217;\u00e9v\u00e9nement au niveau local. D\u2019autres ont lanc\u00e9 des projets visant \u00e0 amasser des fonds pour leur groupe en vendant des produits cr\u00e9atifs tels que des bouteilles d&#8217;eau, des chapelets faits \u00e0 la main et des stylos personnalis\u00e9s.<\/span><\/p>\n<p><span style=\"color: #003366;\"><img loading=\"lazy\" decoding=\"async\" class=\" wp-image-31731 alignleft\" src=\"https:\/\/soeurs-de-la-presentation-de-marie.org\/pom\/wp-content\/uploads\/2023\/06\/fATIMA_RE-750x450.jpg\" alt=\"\" width=\"305\" height=\"183\">Le groupe PM des JMJ 2023 participera aux Journ\u00e9es dioc\u00e9saines tout en s\u00e9journant dans notre Maison d&#8217;accueil PM \u00e0 Fatima. C&#8217;est une merveilleuse occasion de faire l&#8217;exp\u00e9rience de la pr\u00e9sence de Notre-Dame de Fatima. C&#8217;est en 1917 que Notre-Dame du C\u0153ur Immacul\u00e9 est apparue \u00e0 trois enfants de la r\u00e9gion, nomm\u00e9s Lucia, Jacinta et Francesco. Ces deux derniers enfants ont \u00e9t\u00e9 canonis\u00e9s le 13 mai 2017. Lucia vient d&#8217;\u00eatre proclam\u00e9e &#8221; v\u00e9n\u00e9rable &#8221; par le Pape Fran\u00e7ois. Depuis plus de cent ans, l<a href=\"https:\/\/www.fatima.pt\/fr\">e sanctuaire de Notre-Dame de Fatima<\/a> est un lieu r\u00e9put\u00e9 pour la pri\u00e8re, le silence et les p\u00e8lerinages. C&#8217;est aussi un lieu pour demander la gr\u00e2ce du repentir et de la conversion.<\/span><\/p>\n<p><span style=\"color: #003366;\">Du 1er au 6 ao\u00fbt, nos participants aux JMJ seront accueillis \u00e0 la Casa de Nossa Senhora de Sa\u00fade \u00e0 Setubal. Setubal est une ville situ\u00e9e \u00e0 environ 48 kilom\u00e8tres au sud de Lisbonne, capitale du Portugal. C&#8217;est un endroit de pr\u00e9dilection pour les amateurs de plage et de fruits de mer. C&#8217;est \u00e9galement l\u00e0 que la maison provinciale &#8220;Quinta da Boa Vista&#8221; a \u00e9t\u00e9 fond\u00e9e en 1938 par Madre Maria da Santissima Trindade, une fille z\u00e9l\u00e9e de Sainte Marie Rivier. <a href=\"https:\/\/soeurs-de-la-presentation-de-marie.org\/pom\/fr\/province-du-portugal\/\">(cliquez ici pour lire l&#8217;histoire de la province du Portugal)<\/a><\/span><\/p>\n<p><img loading=\"lazy\" decoding=\"async\" class=\"wp-image-31723 alignright\" src=\"https:\/\/soeurs-de-la-presentation-de-marie.org\/pom\/wp-content\/uploads\/2023\/06\/pORTUGAL_ph-RE-750x450.jpg\" alt=\"\" width=\"352\" height=\"211\"><\/p>\n<p><img loading=\"lazy\" decoding=\"async\" class=\" wp-image-31757 alignleft\" src=\"https:\/\/soeurs-de-la-presentation-de-marie.org\/pom\/wp-content\/uploads\/2023\/06\/SETUBAL-750x450.jpg\" alt=\"\" width=\"355\" height=\"213\"><\/p>\n<p>&nbsp;<\/p>\n<p>&nbsp;<\/p>\n<p>&nbsp;<\/p>\n<p>&nbsp;<\/p>\n<p>&nbsp;<\/p>\n<p>&nbsp;<\/p>\n<p><span style=\"color: #003366;\">La Pastorale des Jeunes <em>Casa Maria<\/em> de la Province du Portugal forme le comit\u00e9 d&#8217;organisation du Groupe<img loading=\"lazy\" decoding=\"async\" class=\" wp-image-31727 alignright\" src=\"https:\/\/soeurs-de-la-presentation-de-marie.org\/pom\/wp-content\/uploads\/2023\/06\/Casa-de-Maria-logo-remake-750x510.png\" alt=\"\" width=\"262\" height=\"178\"> PM pour ces journ\u00e9es de Lisbonne. Ces jeunes ont une longue liste de choses \u00e0 faire pour nous aider \u00e0 vivre de mani\u00e8re significative le grand \u00e9v\u00e9nement avec notre Saint P\u00e8re Fran\u00e7ois. Nous vous remercions ! Un grand merci \u00e9galement au Conseil de Congr\u00e9gation 2021 qui a soutenu ce projet PM pour les JMJ 2023. Que Dieu vous b\u00e9nisse tous !<\/span><\/p>\n<p>&nbsp;<\/p>\n<p style=\"text-align: center;\"><span style=\"color: #003366;\">Les jeunes du PM en route pour les JMJ 2023 \u00e0 Lisbonne ! <\/span><\/p>\n<p style=\"text-align: center;\"><span style=\"color: #003366;\">On y va ! On y va ! Vamos !&nbsp; \u00a1Vamos !<\/span><\/p>\n","protected":false},"excerpt":{"rendered":"<p>&nbsp; Comme Marie, avan\u00e7ons en h\u00e2te vers les JMJ 2023 ! Notre Congr\u00e9gation a inscrit 167 participants aux Journ\u00e9es Mondiales de la Jeunesse 2023 \u00e0 Lisbonne, au Portugal. Parmi les milliers, 167 jeunes PM, religieuses et accompagnateurs adultes, pr\u00e9parent leur voyage \u00e0 Lisbonne pour vivre un temps fort avec le Pape Fran\u00e7ois. Les Journ\u00e9es Mondiales [&hellip;]<\/p>\n","protected":false},"author":6,"featured_media":31752,"comment_status":"closed","ping_status":"closed","sticky":false,"template":"","format":"standard","meta":{"ngg_post_thumbnail":0,"footnotes":""},"categories":[297],"tags":[],"lang":"fr","translations":{"fr":31763,"pt":31765,"es":31766},"pll_sync_post":{"fr":true,"pt":true,"es":true},"_links":{"self":[{"href":"https:\/\/soeurs-de-la-presentation-de-marie.org\/pom\/wp-json\/wp\/v2\/posts\/31763"}],"collection":[{"href":"https:\/\/soeurs-de-la-presentation-de-marie.org\/pom\/wp-json\/wp\/v2\/posts"}],"about":[{"href":"https:\/\/soeurs-de-la-presentation-de-marie.org\/pom\/wp-json\/wp\/v2\/types\/post"}],"author":[{"embeddable":true,"href":"https:\/\/soeurs-de-la-presentation-de-marie.org\/pom\/wp-json\/wp\/v2\/users\/6"}],"replies":[{"embeddable":true,"href":"https:\/\/soeurs-de-la-presentation-de-marie.org\/pom\/wp-json\/wp\/v2\/comments?post=31763"}],"version-history":[{"count":4,"href":"https:\/\/soeurs-de-la-presentation-de-marie.org\/pom\/wp-json\/wp\/v2\/posts\/31763\/revisions"}],"predecessor-version":[{"id":31888,"href":"https:\/\/soeurs-de-la-presentation-de-marie.org\/pom\/wp-json\/wp\/v2\/posts\/31763\/revisions\/31888"}],"wp:featuredmedia":[{"embeddable":true,"href":"https:\/\/soeurs-de-la-presentation-de-marie.org\/pom\/wp-json\/wp\/v2\/media\/31752"}],"wp:attachment":[{"href":"https:\/\/soeurs-de-la-presentation-de-marie.org\/pom\/wp-json\/wp\/v2\/media?parent=31763"}],"wp:term":[{"taxonomy":"category","embeddable":true,"href":"https:\/\/soeurs-de-la-presentation-de-marie.org\/pom\/wp-json\/wp\/v2\/categories?post=31763"},{"taxonomy":"post_tag","embeddable":true,"href":"https:\/\/soeurs-de-la-presentation-de-marie.org\/pom\/wp-json\/wp\/v2\/tags?post=31763"}],"curies":[{"name":"wp","href":"https:\/\/api.w.org\/{rel}","templated":true}]}}