{"id":31810,"date":"2023-07-07T07:35:04","date_gmt":"2023-07-07T05:35:04","guid":{"rendered":"https:\/\/soeurs-de-la-presentation-de-marie.org\/pom\/?p=31810"},"modified":"2023-07-10T18:07:48","modified_gmt":"2023-07-10T16:07:48","slug":"7-juillet","status":"publish","type":"post","link":"https:\/\/soeurs-de-la-presentation-de-marie.org\/pom\/7-juillet\/","title":{"rendered":"7 juillet"},"content":{"rendered":"<p>Le Chapitre g\u00e9n\u00e9ral est une c\u00e9l\u00e9bration de notre communion. Aujourd&#8217;hui, avec nos associ\u00e9s la\u00efcs, nous \u00e9coutons avec intention ce qu&#8217;ils disent alors que nous avan\u00e7ons vers l&#8217;avenir sur les pas de Sainte Marie Rivier.&nbsp;<\/p>\n<p>&nbsp;<\/p>\n<p>La r\u00e9union a r\u00e9uni le Conseil g\u00e9n\u00e9ral, les d\u00e9l\u00e9gu\u00e9es au Chapitre g\u00e9n\u00e9ral et les repr\u00e9sentants des<br \/>\ndiff\u00e9rents pays o\u00f9 nous sommes.Une pri\u00e8re bien pr\u00e9par\u00e9e a commenc\u00e9 la session. C\u2019\u00e9tait une<br \/>\nr\u00e9flexion sur les graines de semence et leur pouvoir inn\u00e9 de produire des fruits. Le processus de leur<br \/>\ncroissance a \u00e9t\u00e9 compar\u00e9 \u00e0 la Parole de Dieu dans Marc 4, 26-29&nbsp;:<\/p>\n<p style=\"text-align: center;\">Il disait : \u00ab Il en est du r\u00e8gne de Dieu comme d\u2019un homme qui jette en terre<br \/>\nla semence : nuit et jour, qu\u2019il dorme ou qu\u2019il se l\u00e8ve, la semence germe et<br \/>\ngrandit, il ne sait comment.<br \/>\nD\u2019elle-m\u00eame, la terre produit d\u2019abord l\u2019herbe, puis l\u2019\u00e9pi, enfin du bl\u00e9 plein<br \/>\nl\u2019\u00e9pi. Et d\u00e8s que le bl\u00e9 est m\u00fbr, il y met la faucille, puisque le temps de la<br \/>\nmoisson est arriv\u00e9. \u00bb&nbsp;<\/p>\n<p><img loading=\"lazy\" decoding=\"async\" class=\"alignleft wp-image-31903\" src=\"https:\/\/soeurs-de-la-presentation-de-marie.org\/pom\/wp-content\/uploads\/2023\/07\/GRAIN-2_resized-750x510.jpg\" alt=\"\" width=\"350\" height=\"270\">La pri\u00e8re de Marcelo M\u00farea <a href=\"https:\/\/soeurs-de-la-presentation-de-marie.org\/pom\/wp-content\/uploads\/2023\/07\/Vive-comme-des-graines.pdf\">Vive comme des graines<\/a>a conclu la pri\u00e8re d\u2019ouverture.<\/p>\n<p>Soeur Marian Murcia, notre facilitatrice du Chapitre g\u00e9n\u00e9ral, a imm\u00e9diatement invit\u00e9 M\u00e8re Maria<br \/>\ndos Anjos \u00e0 prononcer son discours de bienvenue. Elle a exprim\u00e9 sa joie d\u2019\u00eatre ensemble \u00e0 travers<br \/>\ncette rencontre et de la possibilit\u00e9 que nous avons de jeter des semences de paix, d\u2019esp\u00e9rance et<br \/>\nd\u2019amour pour que le monde croisse dans l\u2019harmonie et la paix.<\/p>\n<p>Notre mission commune est de faire conna\u00eetre et aimer J\u00e9sus Christ, selon le d\u00e9sir de Marie Rivier.<br \/>\nCette rencontre virtuelle nous renouvellera tous dans cet engagement. M\u00e8re a \u00e9galement confirm\u00e9<br \/>\nque cette rencontre est solidaire de l\u2019esprit par lequel l\u2019\u00c9glise d\u00e9sire conduire son peuple&nbsp;: la<br \/>\nsynodalit\u00e9. Dans le m\u00eame esprit d\u2019\u00e9coute, de rencontre et de dialogue, cette session devient une<br \/>\nr\u00e9f\u00e9rence pr\u00e9cieuse alors que la Congr\u00e9gation se pr\u00e9pare \u00e0 son 29e Chapitre g\u00e9n\u00e9ral.<br \/>\nSr Marian a donn\u00e9 l\u2019orientation pour le partage. Chaque intervenant a eu un compte rendu de 5<br \/>\nminutes. Il y a eu trois moments de partage autour de la question&nbsp;: <em><strong>Que voulez-vous dire au Chapitre <\/strong><\/em><em><strong>en tant que groupe de Marie Rivier Associ\u00e9s afin qu\u2019ensemble nous puissions avancer vers l\u2019avenir <\/strong><\/em><em><strong>sur les traces de Sainte Marie Rivier ?<\/strong><\/em><\/p>\n<p>Le retour des r\u00e9flexions partag\u00e9es a montr\u00e9 que le charisme et la mission de Sainte Marie Rivier sont<br \/>\npr\u00e9cieux dans la vie de nos associ\u00e9s la\u00efcs. Il y a de nouvelles id\u00e9es tir\u00e9es de leurs diff\u00e9rentes r\u00e9alit\u00e9s.<br \/>\nIl y a aussi ce besoin commun de formation sous diverses formes cr\u00e9atives et le d\u00e9sir de faire<br \/>\nconna\u00eetre et aimer J\u00e9sus dans le monde d\u2019aujourd\u2019hui. Le souhait de Marie Rivier se r\u00e9alise. Nous<br \/>\nsommes les grains qui peuvent produire les mille vies !<\/p>\n<p>ngg_shortcode_0_placeholderApr\u00e8s les paroles de gratitude de la Sup\u00e9rieure g\u00e9n\u00e9rale, la session s\u2019est conclue par l\u2019hymne : Ave<br \/>\nMaria. La direction maternelle de la Sainte Vierge nous accompagne dans notre d\u00e9sir d\u2019avancer sur<br \/>\nles traces de sa fille, Marie Rivier.<\/p>\n","protected":false},"excerpt":{"rendered":"<p>Le Chapitre g\u00e9n\u00e9ral est une c\u00e9l\u00e9bration de notre communion. Aujourd&#8217;hui, avec nos associ\u00e9s la\u00efcs, nous \u00e9coutons avec intention ce qu&#8217;ils disent alors que nous avan\u00e7ons vers l&#8217;avenir sur les pas de Sainte Marie Rivier.&nbsp; &nbsp; La r\u00e9union a r\u00e9uni le Conseil g\u00e9n\u00e9ral, les d\u00e9l\u00e9gu\u00e9es au Chapitre g\u00e9n\u00e9ral et les repr\u00e9sentants des diff\u00e9rents pays o\u00f9 nous [&hellip;]<\/p>\n","protected":false},"author":2,"featured_media":31801,"comment_status":"closed","ping_status":"closed","sticky":false,"template":"","format":"standard","meta":{"ngg_post_thumbnail":0,"footnotes":""},"categories":[3183],"tags":[],"lang":"fr","translations":{"fr":31810,"en":31804,"pt":31816,"es":31823},"pll_sync_post":[],"_links":{"self":[{"href":"https:\/\/soeurs-de-la-presentation-de-marie.org\/pom\/wp-json\/wp\/v2\/posts\/31810"}],"collection":[{"href":"https:\/\/soeurs-de-la-presentation-de-marie.org\/pom\/wp-json\/wp\/v2\/posts"}],"about":[{"href":"https:\/\/soeurs-de-la-presentation-de-marie.org\/pom\/wp-json\/wp\/v2\/types\/post"}],"author":[{"embeddable":true,"href":"https:\/\/soeurs-de-la-presentation-de-marie.org\/pom\/wp-json\/wp\/v2\/users\/2"}],"replies":[{"embeddable":true,"href":"https:\/\/soeurs-de-la-presentation-de-marie.org\/pom\/wp-json\/wp\/v2\/comments?post=31810"}],"version-history":[{"count":3,"href":"https:\/\/soeurs-de-la-presentation-de-marie.org\/pom\/wp-json\/wp\/v2\/posts\/31810\/revisions"}],"predecessor-version":[{"id":31929,"href":"https:\/\/soeurs-de-la-presentation-de-marie.org\/pom\/wp-json\/wp\/v2\/posts\/31810\/revisions\/31929"}],"wp:featuredmedia":[{"embeddable":true,"href":"https:\/\/soeurs-de-la-presentation-de-marie.org\/pom\/wp-json\/wp\/v2\/media\/31801"}],"wp:attachment":[{"href":"https:\/\/soeurs-de-la-presentation-de-marie.org\/pom\/wp-json\/wp\/v2\/media?parent=31810"}],"wp:term":[{"taxonomy":"category","embeddable":true,"href":"https:\/\/soeurs-de-la-presentation-de-marie.org\/pom\/wp-json\/wp\/v2\/categories?post=31810"},{"taxonomy":"post_tag","embeddable":true,"href":"https:\/\/soeurs-de-la-presentation-de-marie.org\/pom\/wp-json\/wp\/v2\/tags?post=31810"}],"curies":[{"name":"wp","href":"https:\/\/api.w.org\/{rel}","templated":true}]}}