{"id":31816,"date":"2023-07-07T07:35:52","date_gmt":"2023-07-07T05:35:52","guid":{"rendered":"https:\/\/soeurs-de-la-presentation-de-marie.org\/pom\/?p=31816"},"modified":"2023-07-10T17:28:16","modified_gmt":"2023-07-10T15:28:16","slug":"7-de-julho","status":"publish","type":"post","link":"https:\/\/soeurs-de-la-presentation-de-marie.org\/pom\/7-de-julho\/","title":{"rendered":"7 de julho"},"content":{"rendered":"<p>O Cap\u00edtulo geral \u00e9 a celebra\u00e7\u00e3o da nossa comunh\u00e3o. Hoje, com os nossos Associados leigos, escutemos&nbsp; &nbsp; &nbsp;com aten\u00e7\u00e3o o que eles nos dizem, enquanto caminhamos, rumo ao futuro, nos passos de Santa Maria Rivier&nbsp;&nbsp;<\/p>\n<p>&nbsp;<\/p>\n<p>A reuni\u00e3o reuniu o Conselho Geral, os delegados ao Cap\u00edtulo Geral e os deputados e representantes dos diferentes pa\u00edses onde estamos.<\/p>\n<p>Uma ora\u00e7\u00e3o bem preparada come\u00e7ou a sess\u00e3o. Foi uma reflex\u00e3o sobre as sementes e seu poder inato de produzir frutos. O processo do seu crescimento foi comparado com a Palavra de Deus em Marcos 4, 26-29:<\/p>\n<p style=\"text-align: center;\">O Reino de Deus \u00e9 como um homem que lan\u00e7ou a semente \u00e0 terra.<br \/>\nQuer esteja a dormir, quer se levante, de noite ou de dia, a semente<br \/>\ngermina e cresce, sem ele saber como. A terra produz por si, primeiro o<br \/>\ncaule, depois a espiga e, finalmente, o trigo perfeito na espiga.<br \/>\nE quando o fruto amadurece, logo ele lhe mete a foice, porque chegou o<br \/>\ntempo da ceifa.<\/p>\n<p style=\"text-align: left;\"><img loading=\"lazy\" decoding=\"async\" class=\"alignleft wp-image-31904\" src=\"https:\/\/soeurs-de-la-presentation-de-marie.org\/pom\/wp-content\/uploads\/2023\/07\/GRAIN-2_resized-750x510.jpg\" alt=\"\" width=\"350\" height=\"270\">Viva como sementes<em><a href=\"https:\/\/soeurs-de-la-presentation-de-marie.org\/pom\/wp-content\/uploads\/2023\/07\/Vive-comme-des-graines.pdf\">Vive comme des graines<\/a><\/em> concluiu a ora\u00e7\u00e3o de abertura.<\/p>\n<p style=\"text-align: left;\">A Irm\u00e3 Marian Murcia, moderadora do nosso Cap\u00edtulo geral, convidou a Madre Maria dos Anjos a<br \/>\ndizer a sua palavra de boas-vindas. Ela expressou a sua alegria de estarmos juntos atrav\u00e9s deste<br \/>\nencontro e poder semear onde estamos sementes de paz, de esperan\u00e7a e de amor, para que o<br \/>\nmundo cres\u00e7a na harmonia, na fraternidade e na paz.<br \/>\nA nossa miss\u00e3o comum \u00e9 fazer conhecer e amar Jesus Cristo, segundo o desejo de Maria Rivier. Este<br \/>\nencontro virtual nos renovou a todos neste compromisso. A Madre disse ainda que este encontro<br \/>\ncaminha com o mesmo esp\u00edrito com que a Igreja deseja conduzir o povo de Deus: viver a<br \/>\nsinodalidade. Num esp\u00edrito de escuta, de encontro e de di\u00e1logo. Esta sess\u00e3o \u00e9 uma refer\u00eancia<br \/>\nimportante, enquanto a Congrega\u00e7\u00e3o se prepara para o seu 29\u00ba Cap\u00edtulo geral.<\/p>\n<p>A Irm\u00e3 Marian deu a orienta\u00e7\u00e3o para a partilha. Cada representante tinha 5m para partilhar o que<br \/>\ntinham preparado. Houve momentos de partilha em torno da quest\u00e3o: O que queres dizer ao<br \/>\nCap\u00edtulo, como grupo de Associados, para que possamos avan\u00e7ar juntos rumo ao o futuro, seguindo<br \/>\nos passos de Santa Maria Rivier?<\/p>\n<p>ngg_shortcode_0_placeholderA reflex\u00e3o partilhada mostrou que o carisma e a miss\u00e3o de Santa Maria Rivier s\u00e3o preciosos na vida<br \/>\ndos nossos associados leigos. H\u00e1 novas ideias vindas das suas diferentes realidades. Sente-se<br \/>\ntamb\u00e9m uma grande necessidade comum de forma\u00e7\u00e3o, em v\u00e1rias formas criativas. O desejo de fazer<br \/>\nconhecer e amar Jesus no mundo de hoje. O desejo de Marie Rivier realiza-se. N\u00f3s somos os gr\u00e3os<br \/>\nque podem produzir as mil vidas!<br \/>\nDepois das palavras de gratid\u00e3o da Superiora geral, a sess\u00e3o terminou com o hino: Ave Maria.<br \/>\nMaria est\u00e1 sempre presente na nossa. Ela acompanha-nos no nosso desejo de seguir os passos da<br \/>\nsua filha, Santa Maria Rivier.<\/p>\n","protected":false},"excerpt":{"rendered":"<p>O Cap\u00edtulo geral \u00e9 a celebra\u00e7\u00e3o da nossa comunh\u00e3o. Hoje, com os nossos Associados leigos, escutemos&nbsp; &nbsp; &nbsp;com aten\u00e7\u00e3o o que eles nos dizem, enquanto caminhamos, rumo ao futuro, nos passos de Santa Maria Rivier&nbsp;&nbsp; &nbsp; A reuni\u00e3o reuniu o Conselho Geral, os delegados ao Cap\u00edtulo Geral e os deputados e representantes dos diferentes pa\u00edses [&hellip;]<\/p>\n","protected":false},"author":2,"featured_media":31807,"comment_status":"closed","ping_status":"closed","sticky":false,"template":"","format":"standard","meta":{"ngg_post_thumbnail":0,"footnotes":""},"categories":[3185],"tags":[],"lang":"pt","translations":{"pt":31816,"fr":31810,"en":31804,"es":31823},"pll_sync_post":[],"_links":{"self":[{"href":"https:\/\/soeurs-de-la-presentation-de-marie.org\/pom\/wp-json\/wp\/v2\/posts\/31816"}],"collection":[{"href":"https:\/\/soeurs-de-la-presentation-de-marie.org\/pom\/wp-json\/wp\/v2\/posts"}],"about":[{"href":"https:\/\/soeurs-de-la-presentation-de-marie.org\/pom\/wp-json\/wp\/v2\/types\/post"}],"author":[{"embeddable":true,"href":"https:\/\/soeurs-de-la-presentation-de-marie.org\/pom\/wp-json\/wp\/v2\/users\/2"}],"replies":[{"embeddable":true,"href":"https:\/\/soeurs-de-la-presentation-de-marie.org\/pom\/wp-json\/wp\/v2\/comments?post=31816"}],"version-history":[{"count":7,"href":"https:\/\/soeurs-de-la-presentation-de-marie.org\/pom\/wp-json\/wp\/v2\/posts\/31816\/revisions"}],"predecessor-version":[{"id":31914,"href":"https:\/\/soeurs-de-la-presentation-de-marie.org\/pom\/wp-json\/wp\/v2\/posts\/31816\/revisions\/31914"}],"wp:featuredmedia":[{"embeddable":true,"href":"https:\/\/soeurs-de-la-presentation-de-marie.org\/pom\/wp-json\/wp\/v2\/media\/31807"}],"wp:attachment":[{"href":"https:\/\/soeurs-de-la-presentation-de-marie.org\/pom\/wp-json\/wp\/v2\/media?parent=31816"}],"wp:term":[{"taxonomy":"category","embeddable":true,"href":"https:\/\/soeurs-de-la-presentation-de-marie.org\/pom\/wp-json\/wp\/v2\/categories?post=31816"},{"taxonomy":"post_tag","embeddable":true,"href":"https:\/\/soeurs-de-la-presentation-de-marie.org\/pom\/wp-json\/wp\/v2\/tags?post=31816"}],"curies":[{"name":"wp","href":"https:\/\/api.w.org\/{rel}","templated":true}]}}