{"id":31823,"date":"2023-07-07T07:35:11","date_gmt":"2023-07-07T05:35:11","guid":{"rendered":"https:\/\/soeurs-de-la-presentation-de-marie.org\/pom\/?p=31823"},"modified":"2023-07-12T20:23:55","modified_gmt":"2023-07-12T18:23:55","slug":"7-de-julio","status":"publish","type":"post","link":"https:\/\/soeurs-de-la-presentation-de-marie.org\/pom\/7-de-julio\/","title":{"rendered":"7 de julio"},"content":{"rendered":"<p>El Cap\u00edtulo general es una celebraci\u00f3n de nuestra comuni\u00f3n. Hoy, junto con nuestros asociados laicos, escuchamos con atenci\u00f3n lo que dicen mientras avanzamos hacia el futuro siguiendo los pasos de Santa Mar\u00eda Rivier.<\/p>\n<p>&nbsp;<\/p>\n<p>El encuentro reuni\u00f3 al Consejo general, a las delegadas al Cap\u00edtulo general, a las suplentes<br \/>\ny a los representantes Asociadas\/os de los diferentes pa\u00edses en los que nos encontramos. La sesi\u00f3n<br \/>\ncomenz\u00f3 con una oraci\u00f3n bien preparada. Fue una reflexi\u00f3n sobre las semillas y su poder innato de<br \/>\nproducir frutos. El proceso de su crecimiento fue comparado con la Palabra de Dios en Marcos 4, 26-<br \/>\n29:<\/p>\n<p style=\"text-align: center;\">Jes\u00fas dijo: Escuchen esta comparaci\u00f3n del Reino de Dios. Un hombre<br \/>\nesparce la semilla en la tierra, y ya duerma o est\u00e9 despierto, sea de noche<br \/>\no de d\u00eda, la semilla brota y crece, sin que \u00e9l sepa c\u00f3mo.<br \/>\nLa tierra da fruto por s\u00ed misma: primero la hierba, luego la espiga, y por<br \/>\n\u00faltimo la espiga se llena de granos.<br \/>\nY cuando el grano est\u00e1 maduro, se le mete la hoz, pues ha llegado el tiempo<br \/>\nde la cosecha.<\/p>\n<p><img loading=\"lazy\" decoding=\"async\" class=\"alignleft wp-image-31905\" src=\"https:\/\/soeurs-de-la-presentation-de-marie.org\/pom\/wp-content\/uploads\/2023\/07\/GRAIN-2_resized-750x510.jpg\" alt=\"\" width=\"350\" height=\"270\">\u00a1Vive como la Semilla!<em>(<a href=\"https:\/\/soeurs-de-la-presentation-de-marie.org\/pom\/wp-content\/uploads\/2023\/07\/Vive-comme-des-graines.pdf\">Vive comme des graines<\/a> )<\/em>concluy\u00f3 la oraci\u00f3n de apertura.<\/p>\n<p>Sor Marian Murcia, nuestra facilitadora del Cap\u00edtulo General, invit\u00f3 inmediatamente a Madre Mar\u00eda de los \u00c1ngeles para dar la bienvenida. Expres\u00f3 su alegr\u00eda de estar juntos a trav\u00e9s de este encuentro y de estar<br \/>\njuntos sembrando semillas de paz, de esperanza y de amor para que el mundo crezca en armon\u00eda y en paz.<\/p>\n<p>Nuestra misi\u00f3n com\u00fan es dar a conocer y hacer amar a Jesucristo, seg\u00fan el deseo de Mar\u00eda Rivier.<br \/>\nEste encuentro virtual nos renovar\u00e1 a todos en este compromiso. La Madre ha confirmado tambi\u00e9n<br \/>\nque este encuentro es solidario con el esp\u00edritu con el que la Iglesia quiere guiar a su pueblo: la<br \/>\nsinodalidad. Con el mismo esp\u00edritu de escucha, de encuentro y de di\u00e1logo, esta sesi\u00f3n se convirti\u00f3 en<br \/>\nuna referencia valiosa mientras la Congregaci\u00f3n se prepara para su 29\u00ba cap\u00edtulo general.<\/p>\n<p>Sor Marian dio la orientaci\u00f3n para el compartir. Cada participante tuvo un tiempo de 5 minutos. Ha<br \/>\nhabido tres momentos de intercambio en torno a la cuesti\u00f3n: <em><strong>\u00bfQu\u00e9 quiere decir usted al Cap\u00edtulo<\/strong><\/em><br \/>\n<em><strong>como grupo de Asociadas\/os de Maria Rivier para que juntos podamos avanzar hacia el futuro <\/strong><\/em><em><strong>siguiendo los pasos de Santa Maria Rivier?<\/strong><\/em><\/p>\n<p>Las reflexiones compartidas han demostrado que el carisma y la misi\u00f3n de Santa Mar\u00eda Rivier son<br \/>\npreciosos en la vida de nuestros Asociados laicos. Hay nuevas ideas tomadas de sus diferentes<br \/>\nrealidades. Existe tambi\u00e9n esta necesidad com\u00fan de formaci\u00f3n en varias formas creativas y el deseo<br \/>\nde dar a conocer y hacer amar a Jesucristo en el mundo de hoy. El deseo de Mar\u00eda Rivier se realiza.<br \/>\n\u00a1Nosotros somos las semillas que pueden producir mil vidas!<\/p>\n<p>ngg_shortcode_0_placeholderDespu\u00e9s de las palabras de gratitud de la Superiora General, la sesi\u00f3n termin\u00f3 con el canto: Ave<br \/>\nMar\u00eda. La direcci\u00f3n materna de la Virgen nos acompa\u00f1a en nuestro deseo de seguir los pasos de su<br \/>\nhija, Mar\u00eda Rivier.<\/p>\n","protected":false},"excerpt":{"rendered":"<p>El Cap\u00edtulo general es una celebraci\u00f3n de nuestra comuni\u00f3n. Hoy, junto con nuestros asociados laicos, escuchamos con atenci\u00f3n lo que dicen mientras avanzamos hacia el futuro siguiendo los pasos de Santa Mar\u00eda Rivier. &nbsp; El encuentro reuni\u00f3 al Consejo general, a las delegadas al Cap\u00edtulo general, a las suplentes y a los representantes Asociadas\/os de [&hellip;]<\/p>\n","protected":false},"author":2,"featured_media":31799,"comment_status":"closed","ping_status":"closed","sticky":false,"template":"","format":"standard","meta":{"ngg_post_thumbnail":0,"footnotes":""},"categories":[3187],"tags":[],"lang":"es","translations":{"es":31823,"fr":31810,"en":31804,"pt":31816},"pll_sync_post":[],"_links":{"self":[{"href":"https:\/\/soeurs-de-la-presentation-de-marie.org\/pom\/wp-json\/wp\/v2\/posts\/31823"}],"collection":[{"href":"https:\/\/soeurs-de-la-presentation-de-marie.org\/pom\/wp-json\/wp\/v2\/posts"}],"about":[{"href":"https:\/\/soeurs-de-la-presentation-de-marie.org\/pom\/wp-json\/wp\/v2\/types\/post"}],"author":[{"embeddable":true,"href":"https:\/\/soeurs-de-la-presentation-de-marie.org\/pom\/wp-json\/wp\/v2\/users\/2"}],"replies":[{"embeddable":true,"href":"https:\/\/soeurs-de-la-presentation-de-marie.org\/pom\/wp-json\/wp\/v2\/comments?post=31823"}],"version-history":[{"count":4,"href":"https:\/\/soeurs-de-la-presentation-de-marie.org\/pom\/wp-json\/wp\/v2\/posts\/31823\/revisions"}],"predecessor-version":[{"id":31934,"href":"https:\/\/soeurs-de-la-presentation-de-marie.org\/pom\/wp-json\/wp\/v2\/posts\/31823\/revisions\/31934"}],"wp:featuredmedia":[{"embeddable":true,"href":"https:\/\/soeurs-de-la-presentation-de-marie.org\/pom\/wp-json\/wp\/v2\/media\/31799"}],"wp:attachment":[{"href":"https:\/\/soeurs-de-la-presentation-de-marie.org\/pom\/wp-json\/wp\/v2\/media?parent=31823"}],"wp:term":[{"taxonomy":"category","embeddable":true,"href":"https:\/\/soeurs-de-la-presentation-de-marie.org\/pom\/wp-json\/wp\/v2\/categories?post=31823"},{"taxonomy":"post_tag","embeddable":true,"href":"https:\/\/soeurs-de-la-presentation-de-marie.org\/pom\/wp-json\/wp\/v2\/tags?post=31823"}],"curies":[{"name":"wp","href":"https:\/\/api.w.org\/{rel}","templated":true}]}}