{"id":31835,"date":"2023-07-08T07:31:54","date_gmt":"2023-07-08T05:31:54","guid":{"rendered":"https:\/\/soeurs-de-la-presentation-de-marie.org\/pom\/?p=31835"},"modified":"2023-07-23T00:07:05","modified_gmt":"2023-07-22T22:07:05","slug":"8-juillet","status":"publish","type":"post","link":"https:\/\/soeurs-de-la-presentation-de-marie.org\/pom\/8-juillet\/","title":{"rendered":"8 juillet"},"content":{"rendered":"<p>Le Chapitre g\u00e9n\u00e9ral est une c\u00e9l\u00e9bration de notre communion. Aujourd&#8217;hui, avec nos la\u00efcs consacr\u00e9s, nous \u00e9coutons avec intention ce qu&#8217;ils nous disent, tandis que nous avan\u00e7ons vers l&#8217;avenir sur les pas de Sainte Marie Rivier.<\/p>\n<p>&nbsp;<\/p>\n<p>O encontro reuniu o Conselho geral, as delegadas ao Cap\u00edtulo geral e as suplentes e os (as) leigos (as) consagrados (as) de seis pa\u00edses, onde estamos.&nbsp; Uma ora\u00e7\u00e3o interiorizada dava o tom de profundidade do encontro.<\/p>\n<p>Depois, uma palavra de boas-vindas da Madre Maria dos Anjos Alves colocava em destaque a alegria de estarmos juntos, neste encontro de escuta e de partilha. Num primeiro momento, os leigos respondiam \u00e0 quest\u00e3o: <strong><em>O que quereis dizer ao Cap\u00edtulo como grupo de leigos consagrados para que possamos avan\u00e7ar juntos rumo ao futuro seguindo os passos de Santa Maria Rivier?<\/em><\/strong><\/p>\n<p>Um porta-voz de cada pa\u00eds fez um bom resumo das reflex\u00f5es do seu grupo.&nbsp; Durante esse tempo, cada participante devia anotar os desafios\/apelos que recebia para partilha-los em pequenos grupos. &nbsp;Os pontos principais que emergiram dizem respeito \u00e0 forma\u00e7\u00e3o, ao desejo de encontros internacionais ou continentais, \u00e0 sede da ora\u00e7\u00e3o, ao compromisso com os pobres, a um grande desejo de conhecer melhor Santa Maria Rivier e de fazer conhecer e amar Jesus Cristo.&nbsp;<\/p>\n<p>ngg_shortcode_0_placeholderO encontro terminou com uma palavra de encorajamento da Superiora geral e a ora\u00e7\u00e3o da Salve Regina. Os participantes gostaram de conhecer melhor o Laicado consagrado. Tanto as irm\u00e3s como os leigos voltaram mais entusiasmados com esta extraordin\u00e1ria voca\u00e7\u00e3o que existe na Fam\u00edlia espiritual da Apresenta\u00e7\u00e3o de Maria.<\/p>\n","protected":false},"excerpt":{"rendered":"<p>Le Chapitre g\u00e9n\u00e9ral est une c\u00e9l\u00e9bration de notre communion. Aujourd&#8217;hui, avec nos la\u00efcs consacr\u00e9s, nous \u00e9coutons avec intention ce qu&#8217;ils nous disent, tandis que nous avan\u00e7ons vers l&#8217;avenir sur les pas de Sainte Marie Rivier. &nbsp; O encontro reuniu o Conselho geral, as delegadas ao Cap\u00edtulo geral e as suplentes e os (as) leigos (as) [&hellip;]<\/p>\n","protected":false},"author":2,"featured_media":31824,"comment_status":"closed","ping_status":"closed","sticky":false,"template":"","format":"standard","meta":{"ngg_post_thumbnail":0,"footnotes":""},"categories":[3183],"tags":[],"lang":"fr","translations":{"fr":31835,"en":31833,"pt":31837,"es":31839},"pll_sync_post":[],"_links":{"self":[{"href":"https:\/\/soeurs-de-la-presentation-de-marie.org\/pom\/wp-json\/wp\/v2\/posts\/31835"}],"collection":[{"href":"https:\/\/soeurs-de-la-presentation-de-marie.org\/pom\/wp-json\/wp\/v2\/posts"}],"about":[{"href":"https:\/\/soeurs-de-la-presentation-de-marie.org\/pom\/wp-json\/wp\/v2\/types\/post"}],"author":[{"embeddable":true,"href":"https:\/\/soeurs-de-la-presentation-de-marie.org\/pom\/wp-json\/wp\/v2\/users\/2"}],"replies":[{"embeddable":true,"href":"https:\/\/soeurs-de-la-presentation-de-marie.org\/pom\/wp-json\/wp\/v2\/comments?post=31835"}],"version-history":[{"count":3,"href":"https:\/\/soeurs-de-la-presentation-de-marie.org\/pom\/wp-json\/wp\/v2\/posts\/31835\/revisions"}],"predecessor-version":[{"id":31926,"href":"https:\/\/soeurs-de-la-presentation-de-marie.org\/pom\/wp-json\/wp\/v2\/posts\/31835\/revisions\/31926"}],"wp:featuredmedia":[{"embeddable":true,"href":"https:\/\/soeurs-de-la-presentation-de-marie.org\/pom\/wp-json\/wp\/v2\/media\/31824"}],"wp:attachment":[{"href":"https:\/\/soeurs-de-la-presentation-de-marie.org\/pom\/wp-json\/wp\/v2\/media?parent=31835"}],"wp:term":[{"taxonomy":"category","embeddable":true,"href":"https:\/\/soeurs-de-la-presentation-de-marie.org\/pom\/wp-json\/wp\/v2\/categories?post=31835"},{"taxonomy":"post_tag","embeddable":true,"href":"https:\/\/soeurs-de-la-presentation-de-marie.org\/pom\/wp-json\/wp\/v2\/tags?post=31835"}],"curies":[{"name":"wp","href":"https:\/\/api.w.org\/{rel}","templated":true}]}}