{"id":31837,"date":"2023-07-08T07:32:36","date_gmt":"2023-07-08T05:32:36","guid":{"rendered":"https:\/\/soeurs-de-la-presentation-de-marie.org\/pom\/?p=31837"},"modified":"2023-07-23T00:08:38","modified_gmt":"2023-07-22T22:08:38","slug":"8-de-julho","status":"publish","type":"post","link":"https:\/\/soeurs-de-la-presentation-de-marie.org\/pom\/8-de-julho\/","title":{"rendered":"8 de julho"},"content":{"rendered":"<p>O Cap\u00edtulo geral \u00e9 a celebra\u00e7\u00e3o da nossa comunh\u00e3o. Hoje, com os nossos Leigos consagrados, escutemos com aten\u00e7\u00e3o o que eles nos dizem, enquanto caminhamos, rumo ao futuro nos passos de Santa Maria Rivier.&nbsp;<\/p>\n<p>&nbsp;<\/p>\n<p>O encontro reuniu o Conselho geral, as delegadas ao Cap\u00edtulo geral e as suplentes e os (as) leigos (as) consagrados (as) de seis pa\u00edses, onde estamos. Uma ora\u00e7\u00e3o interiorizada dava o tom de profundidade<br \/>\ndo encontro.<\/p>\n<p>Depois, uma palavra de boas-vindas da Madre Maria dos Anjos Alves colocava em<br \/>\ndestaque a alegria de estarmos juntos, neste encontro de escuta e de partilha. Num<br \/>\nprimeiro momento, os leigos respondiam \u00e0 quest\u00e3o: <em><strong>O que quereis dizer ao Cap\u00edtulo<\/strong><\/em><br \/>\n<em><strong>como grupo de leigos consagrados para que possamos avan\u00e7ar juntos rumo ao<\/strong><\/em><br \/>\n<em><strong>futuro seguindo os passos de Santa Maria Rivier?&nbsp;<\/strong><\/em><\/p>\n<p>Um porta-voz de cada pa\u00eds fez um bom resumo das reflex\u00f5es do seu grupo. Durante<br \/>\nesse tempo, cada participante devia anotar os desafios\/apelos que recebia para<br \/>\npartilha-los em pequenos grupos. Os pontos principais que emergiram dizem<br \/>\nrespeito \u00e0 forma\u00e7\u00e3o, ao desejo de encontros internacionais ou continentais, \u00e0 sede<br \/>\nda ora\u00e7\u00e3o, ao compromisso com os pobres, a um grande desejo de conhecer melhor<br \/>\nSanta Maria Rivier e de fazer conhecer e amar Jesus Cristo.<\/p>\n<p>ngg_shortcode_0_placeholderO encontro terminou com uma palavra de encorajamento da Superiora geral e a<br \/>\nora\u00e7\u00e3o da Salve Regina. Os participantes gostaram de conhecer melhor o Laicado<br \/>\nconsagrado. Tanto as irm\u00e3s como os leigos voltaram mais entusiasmados com esta<br \/>\nextraordin\u00e1ria voca\u00e7\u00e3o que existe na Fam\u00edlia espiritual da Apresenta\u00e7\u00e3o de Maria.<\/p>\n","protected":false},"excerpt":{"rendered":"<p>O Cap\u00edtulo geral \u00e9 a celebra\u00e7\u00e3o da nossa comunh\u00e3o. Hoje, com os nossos Leigos consagrados, escutemos com aten\u00e7\u00e3o o que eles nos dizem, enquanto caminhamos, rumo ao futuro nos passos de Santa Maria Rivier.&nbsp; &nbsp; O encontro reuniu o Conselho geral, as delegadas ao Cap\u00edtulo geral e as suplentes e os (as) leigos (as) consagrados [&hellip;]<\/p>\n","protected":false},"author":2,"featured_media":31830,"comment_status":"closed","ping_status":"closed","sticky":false,"template":"","format":"standard","meta":{"ngg_post_thumbnail":0,"footnotes":""},"categories":[3185],"tags":[],"lang":"pt","translations":{"pt":31837,"fr":31835,"en":31833,"es":31839},"pll_sync_post":[],"_links":{"self":[{"href":"https:\/\/soeurs-de-la-presentation-de-marie.org\/pom\/wp-json\/wp\/v2\/posts\/31837"}],"collection":[{"href":"https:\/\/soeurs-de-la-presentation-de-marie.org\/pom\/wp-json\/wp\/v2\/posts"}],"about":[{"href":"https:\/\/soeurs-de-la-presentation-de-marie.org\/pom\/wp-json\/wp\/v2\/types\/post"}],"author":[{"embeddable":true,"href":"https:\/\/soeurs-de-la-presentation-de-marie.org\/pom\/wp-json\/wp\/v2\/users\/2"}],"replies":[{"embeddable":true,"href":"https:\/\/soeurs-de-la-presentation-de-marie.org\/pom\/wp-json\/wp\/v2\/comments?post=31837"}],"version-history":[{"count":3,"href":"https:\/\/soeurs-de-la-presentation-de-marie.org\/pom\/wp-json\/wp\/v2\/posts\/31837\/revisions"}],"predecessor-version":[{"id":31928,"href":"https:\/\/soeurs-de-la-presentation-de-marie.org\/pom\/wp-json\/wp\/v2\/posts\/31837\/revisions\/31928"}],"wp:featuredmedia":[{"embeddable":true,"href":"https:\/\/soeurs-de-la-presentation-de-marie.org\/pom\/wp-json\/wp\/v2\/media\/31830"}],"wp:attachment":[{"href":"https:\/\/soeurs-de-la-presentation-de-marie.org\/pom\/wp-json\/wp\/v2\/media?parent=31837"}],"wp:term":[{"taxonomy":"category","embeddable":true,"href":"https:\/\/soeurs-de-la-presentation-de-marie.org\/pom\/wp-json\/wp\/v2\/categories?post=31837"},{"taxonomy":"post_tag","embeddable":true,"href":"https:\/\/soeurs-de-la-presentation-de-marie.org\/pom\/wp-json\/wp\/v2\/tags?post=31837"}],"curies":[{"name":"wp","href":"https:\/\/api.w.org\/{rel}","templated":true}]}}