{"id":31839,"date":"2023-07-08T07:33:08","date_gmt":"2023-07-08T05:33:08","guid":{"rendered":"https:\/\/soeurs-de-la-presentation-de-marie.org\/pom\/?p=31839"},"modified":"2023-07-23T00:09:46","modified_gmt":"2023-07-22T22:09:46","slug":"8-de-julio","status":"publish","type":"post","link":"https:\/\/soeurs-de-la-presentation-de-marie.org\/pom\/8-de-julio\/","title":{"rendered":"8 de julio"},"content":{"rendered":"<p>El Cap\u00edtulo general es una celebraci\u00f3n de nuestra comuni\u00f3n. Hoy, con nuestros laicos consagrados, escuchamos con atenci\u00f3n lo que nos dicen, mientras avanzamos hacia el futuro siguiendo los pasos de Santa Mar\u00eda Rivier.<\/p>\n<p>&nbsp;<\/p>\n<p>El encuentro reuni\u00f3 al Consejo General, a las delegadas al Cap\u00edtulo General y a las suplentes y laicas consagradas de seis pa\u00edses. Una oraci\u00f3n interiorizada daba el tono de profundidad al encuentro.<br \/>\nLuego, una palabra de bienvenida de la madre Mar\u00eda de los \u00c1ngeles Alves que expres\u00f3 la alegr\u00eda de encontrarse en este momento de escucha y de compartir. En un primer momento, los laicos respondieron a la pregunta: <em><strong>\u00bfQu\u00e9 quer\u00e9is decir al Cap\u00edtulo como grupo de laicos consagrados para que podamos avanzar juntos hacia el futuro siguiendo los pasos de Santa Mar\u00eda Rivier?<\/strong><\/em><\/p>\n<p>Un portavoz de cada pa\u00eds ha hecho un buen resumen de las reflexiones de su grupo. Durante ese tiempo, cada participante ten\u00eda que anotar desaf\u00edos o llamadas que recib\u00eda para compartirlos en peque\u00f1os grupos. Los puntos principales que han surgido se refieren a la formaci\u00f3n, al deseo de encuentros internacionales o continentales, al lugar de oraci\u00f3n, al compromiso con los pobres, a un gran deseo de conocer mejor a Santa Mar\u00eda Rivier y de dar a conocer y hacer amar a Jesucristo.<\/p>\n<p>ngg_shortcode_0_placeholderTodo termin\u00f3 con una palabra de aliento de la Superiora General y la oraci\u00f3n del Salve Regina. A los participantes les gust\u00f3 conocer mejor al laicado consagrado y a los laicos. Tanto las religiosas como los laicos volvieron m\u00e1s entusiasmados con esta extraordinaria vocaci\u00f3n que existe en la Familia espiritual de la Presentaci\u00f3n de Mar\u00eda.<\/p>\n","protected":false},"excerpt":{"rendered":"<p>El Cap\u00edtulo general es una celebraci\u00f3n de nuestra comuni\u00f3n. Hoy, con nuestros laicos consagrados, escuchamos con atenci\u00f3n lo que nos dicen, mientras avanzamos hacia el futuro siguiendo los pasos de Santa Mar\u00eda Rivier. &nbsp; El encuentro reuni\u00f3 al Consejo General, a las delegadas al Cap\u00edtulo General y a las suplentes y laicas consagradas de seis [&hellip;]<\/p>\n","protected":false},"author":2,"featured_media":31820,"comment_status":"closed","ping_status":"closed","sticky":false,"template":"","format":"standard","meta":{"ngg_post_thumbnail":0,"footnotes":""},"categories":[3187],"tags":[],"lang":"es","translations":{"es":31839,"fr":31835,"en":31833,"pt":31837},"pll_sync_post":[],"_links":{"self":[{"href":"https:\/\/soeurs-de-la-presentation-de-marie.org\/pom\/wp-json\/wp\/v2\/posts\/31839"}],"collection":[{"href":"https:\/\/soeurs-de-la-presentation-de-marie.org\/pom\/wp-json\/wp\/v2\/posts"}],"about":[{"href":"https:\/\/soeurs-de-la-presentation-de-marie.org\/pom\/wp-json\/wp\/v2\/types\/post"}],"author":[{"embeddable":true,"href":"https:\/\/soeurs-de-la-presentation-de-marie.org\/pom\/wp-json\/wp\/v2\/users\/2"}],"replies":[{"embeddable":true,"href":"https:\/\/soeurs-de-la-presentation-de-marie.org\/pom\/wp-json\/wp\/v2\/comments?post=31839"}],"version-history":[{"count":3,"href":"https:\/\/soeurs-de-la-presentation-de-marie.org\/pom\/wp-json\/wp\/v2\/posts\/31839\/revisions"}],"predecessor-version":[{"id":31941,"href":"https:\/\/soeurs-de-la-presentation-de-marie.org\/pom\/wp-json\/wp\/v2\/posts\/31839\/revisions\/31941"}],"wp:featuredmedia":[{"embeddable":true,"href":"https:\/\/soeurs-de-la-presentation-de-marie.org\/pom\/wp-json\/wp\/v2\/media\/31820"}],"wp:attachment":[{"href":"https:\/\/soeurs-de-la-presentation-de-marie.org\/pom\/wp-json\/wp\/v2\/media?parent=31839"}],"wp:term":[{"taxonomy":"category","embeddable":true,"href":"https:\/\/soeurs-de-la-presentation-de-marie.org\/pom\/wp-json\/wp\/v2\/categories?post=31839"},{"taxonomy":"post_tag","embeddable":true,"href":"https:\/\/soeurs-de-la-presentation-de-marie.org\/pom\/wp-json\/wp\/v2\/tags?post=31839"}],"curies":[{"name":"wp","href":"https:\/\/api.w.org\/{rel}","templated":true}]}}