{"id":31863,"date":"2023-07-07T11:11:32","date_gmt":"2023-07-07T09:11:32","guid":{"rendered":"https:\/\/soeurs-de-la-presentation-de-marie.org\/pom\/?p=31863"},"modified":"2023-07-07T11:13:48","modified_gmt":"2023-07-07T09:13:48","slug":"jornada-mundial-da-juventude-lisbon-2023","status":"publish","type":"post","link":"https:\/\/soeurs-de-la-presentation-de-marie.org\/pom\/jornada-mundial-da-juventude-lisbon-2023\/","title":{"rendered":"Jornada Mundial da Juventude  Lisbon 2023"},"content":{"rendered":"<p>&nbsp;<\/p>\n<p>&nbsp;<\/p>\n<h1 style=\"text-align: center;\"><span style=\"color: #003300;\"><strong>GRUPO PM<\/strong><\/span><\/h1>\n<h1 style=\"text-align: center;\"><strong>&nbsp;<\/strong><span style=\"color: #003300;\"><strong>Muito queridas irm\u00e3s, queridos jovens<\/strong><\/span><\/h1>\n<h1 style=\"text-align: center;\"><span style=\"color: #003300;\"><strong>Juntos na constru\u00e7\u00e3o do futuro!<\/strong><\/span><\/h1>\n<p>&nbsp;<\/p>\n<p><span style=\"color: #003300;\">\u00c9 com muita alegria e muita esperan\u00e7a que estamos juntos, na prepara\u00e7\u00e3o para o encontro de milh\u00f5es de pessoas, jovens e menos jovens. Juntos num desejo profundo de caminhar, de semear sementes de paz, de fraternidade ao longo do caminho.<\/span><\/p>\n<p><span style=\"color: #003300;\">No vosso caminho lan\u00e7ai sementes de bem, sementes de vida, de harmonia. Sede criativos na constru\u00e7\u00e3o dum mundo novo. Um mundo com mais beleza, mais justi\u00e7a, mais paz. Sede a gera\u00e7\u00e3o da esperan\u00e7a, a gera\u00e7\u00e3o que constr\u00f3i a paz, na descoberta progressiva duma nova vis\u00e3o do mundo e da hist\u00f3ria.&nbsp;&nbsp;<\/span><\/p>\n<p><span style=\"color: #003300;\">O tema que o Santo Padre escolheu para estas Jornadas, n\u00e3o podia ser mais expressivo <strong><em>Maria p\u00f4s-se a caminho e dirigiu-se \u00e0 pressa para a montanha, a uma cidade da Judeia<\/em> <\/strong>Lc 1,39<strong>. <\/strong>Maria \u00e9 a mulher do encontro, da caridade, a mulher mission\u00e1ria. Tem pressa de estabelecer encontros, de comunicar e anunciar a alegria. Parte feliz e apressadamente. Maria de Nazar\u00e9 \u00e9 a grande figura do caminho novo,&nbsp;que nos ensina a dizer sim a Deus. A grande protagonista das jornadas.<\/span><\/p>\n<p><span style=\"color: #003300;\">Sejamos evangelizadores da esperan\u00e7a, testemunhas do Evangelho da alegria, da presen\u00e7a de Cristo Ressuscitado.&nbsp;O Santo Padre \u00e9 o primeiro inscrito na JMJ de Lisboa. Ele est\u00e1 feliz de fazer caminho convosco! \u00c9 um grande acontecimento.<\/span><\/p>\n<p><span style=\"color: #003300;\">O objetivo principal das Jornadas \u00e9 recolocar no centro da nossa vida a pessoa de Jesus Cristo. Ele \u00e9 o ponto de refer\u00eancia, a luz verdadeira de todas as iniciativas e de todo o compromisso. \u00c9 bom estarmos juntos, \u00e9 bom olharmo-nos olhos, nos olhos. \u00c9 bom partilharmos o que \u00e9 importante. Mesmo \u00e0 dist\u00e2ncia, estamos pr\u00f3ximos, cora\u00e7\u00e3o a cora\u00e7\u00e3o.<\/span><\/p>\n<p><span style=\"color: #003300;\"><strong>&nbsp;<\/strong>\u00c9 Jesus que seduz, \u00e9 ele que chama. O seu olhar cura. <strong><em>O amor cura a vida,<\/em><\/strong> diz o Papa Francisco. Jesus quer estabelecer uma rela\u00e7\u00e3o pessoal com cada um de n\u00f3s, tocar o cora\u00e7\u00e3o, a sua presen\u00e7a d\u00e1 calor gera confian\u00e7a. Conhecemos a experi\u00eancia dos disc\u00edpulos de Ema\u00fas: <strong><em>N\u00e3o nos ardia o<\/em><\/strong> <strong><em>cora\u00e7\u00e3o quando Ele nos falava pelo caminho <\/em><\/strong>Lc 24,32.<\/span><\/p>\n<p><span style=\"color: #003300;\">Juntos, \u00e0 escuta do Esp\u00edrito, procuremos o que Jesus quer realizar em n\u00f3s e atrav\u00e9s de n\u00f3s! Sejamos audaces, cheios de dinamismo. Abertos ao Esp\u00edrito de Jesus, \u00e0s suas propostas de mudan\u00e7a, a come\u00e7ar no nosso cora\u00e7\u00e3o, na nossa vida pessoal e na partilha em grupo!<\/span><\/p>\n<p><span style=\"color: #003300;\">Sem uma abertura \u00e0 novidade do Esp\u00edrito, \u00e0s surpresas de Deus, n\u00e3o acontecem na nossa vida, nem nos nossos ambientes. &nbsp;A f\u00e9 vai-se apagando, o amor ao irm\u00e3o, \u00e0 irm\u00e3 evapora-se e o testemunho do Evangelho n\u00e3o tem for\u00e7a para avan\u00e7ar.<\/span><\/p>\n<p style=\"text-align: center;\"><span style=\"color: #003300;\"><strong>Abri-vos a alegria, a esperan\u00e7a, \u00e0 constru\u00e7\u00e3o dum mundo novo.<\/strong><\/span><\/p>\n<p style=\"text-align: center;\"><span style=\"color: #003300;\"><strong>O que vos desejo: sede felizes e fa\u00e7am felizes os que vivem convosco!<\/strong><\/span><\/p>\n<p style=\"text-align: center;\"><span style=\"color: #003300;\"><strong>Jesus caminha connosco, <em>Ele \u00e9 o caminho, a verdade e a vida!<\/em> Jo 14,6.<\/strong><\/span><\/p>\n<p style=\"text-align: center;\"><span style=\"color: #003300;\"><strong>Juntos! Bom trabalho! Muito obrigada!<\/strong><\/span><\/p>\n<p>&nbsp;<\/p>\n<p style=\"text-align: right;\"><span style=\"color: #003300;\">Irm\u00e3 Maria dos Anjos Alves, p.m.<\/span><\/p>\n","protected":false},"excerpt":{"rendered":"<p>&nbsp; &nbsp; GRUPO PM &nbsp;Muito queridas irm\u00e3s, queridos jovens Juntos na constru\u00e7\u00e3o do futuro! &nbsp; \u00c9 com muita alegria e muita esperan\u00e7a que estamos juntos, na prepara\u00e7\u00e3o para o encontro de milh\u00f5es de pessoas, jovens e menos jovens. Juntos num desejo profundo de caminhar, de semear sementes de paz, de fraternidade ao longo do caminho. [&hellip;]<\/p>\n","protected":false},"author":6,"featured_media":31849,"comment_status":"closed","ping_status":"closed","sticky":false,"template":"","format":"standard","meta":{"ngg_post_thumbnail":0,"footnotes":""},"categories":[482],"tags":[],"lang":"pt","translations":{"pt":31863,"fr":31875,"es":31876},"pll_sync_post":{"pt":true,"fr":true,"es":true},"_links":{"self":[{"href":"https:\/\/soeurs-de-la-presentation-de-marie.org\/pom\/wp-json\/wp\/v2\/posts\/31863"}],"collection":[{"href":"https:\/\/soeurs-de-la-presentation-de-marie.org\/pom\/wp-json\/wp\/v2\/posts"}],"about":[{"href":"https:\/\/soeurs-de-la-presentation-de-marie.org\/pom\/wp-json\/wp\/v2\/types\/post"}],"author":[{"embeddable":true,"href":"https:\/\/soeurs-de-la-presentation-de-marie.org\/pom\/wp-json\/wp\/v2\/users\/6"}],"replies":[{"embeddable":true,"href":"https:\/\/soeurs-de-la-presentation-de-marie.org\/pom\/wp-json\/wp\/v2\/comments?post=31863"}],"version-history":[{"count":3,"href":"https:\/\/soeurs-de-la-presentation-de-marie.org\/pom\/wp-json\/wp\/v2\/posts\/31863\/revisions"}],"predecessor-version":[{"id":31870,"href":"https:\/\/soeurs-de-la-presentation-de-marie.org\/pom\/wp-json\/wp\/v2\/posts\/31863\/revisions\/31870"}],"wp:featuredmedia":[{"embeddable":true,"href":"https:\/\/soeurs-de-la-presentation-de-marie.org\/pom\/wp-json\/wp\/v2\/media\/31849"}],"wp:attachment":[{"href":"https:\/\/soeurs-de-la-presentation-de-marie.org\/pom\/wp-json\/wp\/v2\/media?parent=31863"}],"wp:term":[{"taxonomy":"category","embeddable":true,"href":"https:\/\/soeurs-de-la-presentation-de-marie.org\/pom\/wp-json\/wp\/v2\/categories?post=31863"},{"taxonomy":"post_tag","embeddable":true,"href":"https:\/\/soeurs-de-la-presentation-de-marie.org\/pom\/wp-json\/wp\/v2\/tags?post=31863"}],"curies":[{"name":"wp","href":"https:\/\/api.w.org\/{rel}","templated":true}]}}