{"id":33374,"date":"2023-09-21T20:15:34","date_gmt":"2023-09-21T18:15:34","guid":{"rendered":"https:\/\/soeurs-de-la-presentation-de-marie.org\/pom\/?p=33374"},"modified":"2023-09-21T20:16:45","modified_gmt":"2023-09-21T18:16:45","slug":"5-septembre","status":"publish","type":"post","link":"https:\/\/soeurs-de-la-presentation-de-marie.org\/pom\/5-septembre\/","title":{"rendered":"5 septembre"},"content":{"rendered":"<p style=\"text-align: center;\">\u00c9TUDE ET DISCERNEMENT DES PROPOSITIONS<\/p>\n<p>La journ\u00e9e a commenc\u00e9 par des Laudes par groupes linguistiques.<\/p>\n<p>L&#8217;atmosph\u00e8re s\u00e9rieuse d&#8217;\u00e9tude et de discernement qui a commenc\u00e9 hier s&#8217;est poursuivie lorsque les groupes de discernement se sont r\u00e9unis pour partager leurs id\u00e9es et leurs r\u00e9flexions sur les propositions restantes.<\/p>\n<p>Le partage des r\u00e9flexions s&#8217;est poursuivi dans la salle du chapitre. Toutes celles qui ont souhait\u00e9 partager ont \u00e9t\u00e9 \u00e9cout\u00e9es. Lorsque les d\u00e9l\u00e9gu\u00e9es ont \u00e9t\u00e9 pr\u00eates, les propositions ont \u00e9t\u00e9 vot\u00e9es. \u00c0 la fin de la journ\u00e9e, nous avons \u00e9cout\u00e9 attentivement les souhaits soumis au Chapitre g\u00e9n\u00e9ral et \u00e0 l&#8217;Administration g\u00e9n\u00e9rale.<\/p>\n<p>Apr\u00e8s les V\u00eapres, Dieu nous a accord\u00e9 un temps de pri\u00e8re silencieuse en attendant le P\u00e8re Abb\u00e9 Eug\u00e8ne Diatta qui a pr\u00e9sid\u00e9 la c\u00e9l\u00e9bration eucharistique, ce qui a magnifiquement termin\u00e9 la journ\u00e9e.<\/p>\nngg_shortcode_0_placeholder\n<p>S\u0153ur Gina Mae, p.m.<\/p>\n<p>Nemi, 05.09.2023<\/p>\n","protected":false},"excerpt":{"rendered":"<p>\u00c9TUDE ET DISCERNEMENT DES PROPOSITIONS La journ\u00e9e a commenc\u00e9 par des Laudes par groupes linguistiques. L&#8217;atmosph\u00e8re s\u00e9rieuse d&#8217;\u00e9tude et de discernement qui a commenc\u00e9 hier s&#8217;est poursuivie lorsque les groupes de discernement se sont r\u00e9unis pour partager leurs id\u00e9es et leurs r\u00e9flexions sur les propositions restantes. Le partage des r\u00e9flexions s&#8217;est poursuivi dans la salle [&hellip;]<\/p>\n","protected":false},"author":6,"featured_media":33053,"comment_status":"closed","ping_status":"closed","sticky":false,"template":"","format":"standard","meta":{"ngg_post_thumbnail":0,"footnotes":""},"categories":[3291],"tags":[],"lang":"fr","translations":{"fr":33374},"pll_sync_post":[],"_links":{"self":[{"href":"https:\/\/soeurs-de-la-presentation-de-marie.org\/pom\/wp-json\/wp\/v2\/posts\/33374"}],"collection":[{"href":"https:\/\/soeurs-de-la-presentation-de-marie.org\/pom\/wp-json\/wp\/v2\/posts"}],"about":[{"href":"https:\/\/soeurs-de-la-presentation-de-marie.org\/pom\/wp-json\/wp\/v2\/types\/post"}],"author":[{"embeddable":true,"href":"https:\/\/soeurs-de-la-presentation-de-marie.org\/pom\/wp-json\/wp\/v2\/users\/6"}],"replies":[{"embeddable":true,"href":"https:\/\/soeurs-de-la-presentation-de-marie.org\/pom\/wp-json\/wp\/v2\/comments?post=33374"}],"version-history":[{"count":1,"href":"https:\/\/soeurs-de-la-presentation-de-marie.org\/pom\/wp-json\/wp\/v2\/posts\/33374\/revisions"}],"predecessor-version":[{"id":33375,"href":"https:\/\/soeurs-de-la-presentation-de-marie.org\/pom\/wp-json\/wp\/v2\/posts\/33374\/revisions\/33375"}],"wp:featuredmedia":[{"embeddable":true,"href":"https:\/\/soeurs-de-la-presentation-de-marie.org\/pom\/wp-json\/wp\/v2\/media\/33053"}],"wp:attachment":[{"href":"https:\/\/soeurs-de-la-presentation-de-marie.org\/pom\/wp-json\/wp\/v2\/media?parent=33374"}],"wp:term":[{"taxonomy":"category","embeddable":true,"href":"https:\/\/soeurs-de-la-presentation-de-marie.org\/pom\/wp-json\/wp\/v2\/categories?post=33374"},{"taxonomy":"post_tag","embeddable":true,"href":"https:\/\/soeurs-de-la-presentation-de-marie.org\/pom\/wp-json\/wp\/v2\/tags?post=33374"}],"curies":[{"name":"wp","href":"https:\/\/api.w.org\/{rel}","templated":true}]}}