{"id":33427,"date":"2023-09-22T18:04:39","date_gmt":"2023-09-22T16:04:39","guid":{"rendered":"https:\/\/soeurs-de-la-presentation-de-marie.org\/pom\/?p=33427"},"modified":"2023-09-22T18:04:39","modified_gmt":"2023-09-22T16:04:39","slug":"5-septiembre","status":"publish","type":"post","link":"https:\/\/soeurs-de-la-presentation-de-marie.org\/pom\/5-septiembre\/","title":{"rendered":"5 Septiembre"},"content":{"rendered":"<p>ESTUDIO Y DISCERNIMIENTO DE LAS PROPUESTAS<\/p>\n<p>El d\u00eda comenz\u00f3 con Laudes por grupos ling\u00fc\u00edsticos.<\/p>\n<p>El ambiente serio de estudio y discernimiento que comenz\u00f3 ayer continu\u00f3 cuando los grupos de discernimiento se reunieron para compartir ideas y reflexiones sobre las propuestas restantes.<\/p>\n<p>El intercambio de reflexiones continu\u00f3 en la Sala Capitular. Todas las que han querido compartir han sido escuchadas. Cuando las delegadas estuvieron preparadas, se votaron las propuestas. Al final del d\u00eda, hemos decidido pac\u00edficamente las propuestas y escuchado atentamente los deseos presentados al Cap\u00edtulo General y a la Administraci\u00f3n General.<\/p>\n<p>Despu\u00e9s de&nbsp; V\u00edsperas, Dios nos concedi\u00f3 un tiempo para estar juntas en oraci\u00f3n silenciosa mientras esper\u00e1bamos al P. Abb\u00e8 Eug\u00e8ne Diatta que presidi\u00f3 la celebraci\u00f3n eucar\u00edstica con la que se cerr\u00f3 bellamente la jornada.&nbsp;<\/p>\nngg_shortcode_0_placeholder\n<p>&nbsp;Hna. Gina Mae, p.m.<\/p>\n<p>Nemi, 05.09.2023<\/p>\n","protected":false},"excerpt":{"rendered":"<p>ESTUDIO Y DISCERNIMIENTO DE LAS PROPUESTAS El d\u00eda comenz\u00f3 con Laudes por grupos ling\u00fc\u00edsticos. El ambiente serio de estudio y discernimiento que comenz\u00f3 ayer continu\u00f3 cuando los grupos de discernimiento se reunieron para compartir ideas y reflexiones sobre las propuestas restantes. El intercambio de reflexiones continu\u00f3 en la Sala Capitular. Todas las que han querido [&hellip;]<\/p>\n","protected":false},"author":6,"featured_media":33285,"comment_status":"closed","ping_status":"closed","sticky":false,"template":"","format":"standard","meta":{"ngg_post_thumbnail":0,"footnotes":""},"categories":[3295],"tags":[],"lang":"es","translations":{"es":33427},"pll_sync_post":[],"_links":{"self":[{"href":"https:\/\/soeurs-de-la-presentation-de-marie.org\/pom\/wp-json\/wp\/v2\/posts\/33427"}],"collection":[{"href":"https:\/\/soeurs-de-la-presentation-de-marie.org\/pom\/wp-json\/wp\/v2\/posts"}],"about":[{"href":"https:\/\/soeurs-de-la-presentation-de-marie.org\/pom\/wp-json\/wp\/v2\/types\/post"}],"author":[{"embeddable":true,"href":"https:\/\/soeurs-de-la-presentation-de-marie.org\/pom\/wp-json\/wp\/v2\/users\/6"}],"replies":[{"embeddable":true,"href":"https:\/\/soeurs-de-la-presentation-de-marie.org\/pom\/wp-json\/wp\/v2\/comments?post=33427"}],"version-history":[{"count":1,"href":"https:\/\/soeurs-de-la-presentation-de-marie.org\/pom\/wp-json\/wp\/v2\/posts\/33427\/revisions"}],"predecessor-version":[{"id":33432,"href":"https:\/\/soeurs-de-la-presentation-de-marie.org\/pom\/wp-json\/wp\/v2\/posts\/33427\/revisions\/33432"}],"wp:featuredmedia":[{"embeddable":true,"href":"https:\/\/soeurs-de-la-presentation-de-marie.org\/pom\/wp-json\/wp\/v2\/media\/33285"}],"wp:attachment":[{"href":"https:\/\/soeurs-de-la-presentation-de-marie.org\/pom\/wp-json\/wp\/v2\/media?parent=33427"}],"wp:term":[{"taxonomy":"category","embeddable":true,"href":"https:\/\/soeurs-de-la-presentation-de-marie.org\/pom\/wp-json\/wp\/v2\/categories?post=33427"},{"taxonomy":"post_tag","embeddable":true,"href":"https:\/\/soeurs-de-la-presentation-de-marie.org\/pom\/wp-json\/wp\/v2\/tags?post=33427"}],"curies":[{"name":"wp","href":"https:\/\/api.w.org\/{rel}","templated":true}]}}