{"id":33433,"date":"2023-09-22T18:13:20","date_gmt":"2023-09-22T16:13:20","guid":{"rendered":"https:\/\/soeurs-de-la-presentation-de-marie.org\/pom\/?p=33433"},"modified":"2023-09-22T18:13:20","modified_gmt":"2023-09-22T16:13:20","slug":"6-septiembre","status":"publish","type":"post","link":"https:\/\/soeurs-de-la-presentation-de-marie.org\/pom\/6-septiembre\/","title":{"rendered":"6 Septiembre"},"content":{"rendered":"<p>Audiencia con el Papa<\/p>\n<p>La audiencia papal es un momento muy oportuno en el que los peregrinos venidos de diferentes partes del mundo tienen la oportunidad de ver al Papa, escuchar su mensaje y recibir su bendici\u00f3n apost\u00f3lica.<\/p>\n<p>Hoy, 6 de septiembre de 2023, las delegadas al 29\u00ba Cap\u00edtulo General, la moderadora del Cap\u00edtulo, los int\u00e9rpretes y las hermanas destinadas en la Casa general han tenido el privilegio especial de asistir a la audiencia con Su Santidad el Papa Francisco.<\/p>\n<p>Toda la delegaci\u00f3n parti\u00f3 del Centro Ad Gentes de Nemi, Italia, hacia la Ciudad del Vaticano en Roma, Italia a las 6:00 de la ma\u00f1ana. Llegamos sobre las 7:30 de la ma\u00f1ana e inmediatamente hicimos cola para entrar en la plaza de San Pedro, donde se celebrar\u00eda la audiencia. Poco despu\u00e9s de que todo el grupo se acomodara en sus asientos, el Papa Francisco entr\u00f3 en la plaza de San Pedro, subido en su papam\u00f3vil, hacia la plataforma del centro.<\/p>\n<p>ngg_shortcode_0_placeholderEn su mensaje, comparti\u00f3 su experiencia sobre su viaje a Mongolia, que fue precedido por una lectura de 1 Samuel 16:7 que dec\u00eda &#8220;El Se\u00f1or no busca el centro de la escena, sino el coraz\u00f3n sencillo de aquellos que lo desean y lo aman sin ostentaci\u00f3n, sin querer sobresalir por encima de los dem\u00e1s&#8221;. Hacia el final de su mensaje, el Papa dijo: &#8220;Ensanchemos los l\u00edmites de nuestra mirada para que seamos capaces de ver el bien en los dem\u00e1s y seamos capaces de ampliar nuestros horizontes, y abramos tambi\u00e9n nuestro coraz\u00f3n para que crezca y se ensanche, para comprender, para estar cerca de cada persona y de cada civilizaci\u00f3n.&#8221;<\/p>\n<p>A continuaci\u00f3n, el Papa Francisco dio su bendici\u00f3n a la audiencia general y concluy\u00f3 el acto con la oraci\u00f3n del Se\u00f1or.<\/p>\n<p>Las delegadas del Cap\u00edtulo y las dem\u00e1s hermanas tuvieron la gran suerte de poder fotografiarse con el propio Papa Francisco. La Madre Mar\u00eda dos Anjos entreg\u00f3 amablemente al Papa un regalo de la Congregaci\u00f3n PM.<\/p>\n<p>A continuaci\u00f3n, toda la delegaci\u00f3n se dirigi\u00f3 a la cercana capilla de la Congregaci\u00f3n de las Hermanas de Mar\u00eda Bambina para la celebraci\u00f3n eucar\u00edstica presidida por el Abb\u00e9 Eug\u00e8ne. Despu\u00e9s de la misa, Madre Mar\u00eda dos Anjos nos comparti\u00f3 lo que el Papa convers\u00f3 con ella, que se resume en la vivencia de las virtudes de humildad y valent\u00eda.<\/p>\n<p>Despu\u00e9s de la misa, todos tuvimos tiempo libre para visitar la Ciudad del Vaticano. Luego, a las 17:00, toda la delegaci\u00f3n regres\u00f3 al Centro Ad Gentes de Nemi.<\/p>\n<p>&nbsp;<\/p>\n<p>Hna. Cherie Eloisa, pm<\/p>\n<p>Nemi, 09.06.2023<\/p>\n","protected":false},"excerpt":{"rendered":"<p>Audiencia con el Papa La audiencia papal es un momento muy oportuno en el que los peregrinos venidos de diferentes partes del mundo tienen la oportunidad de ver al Papa, escuchar su mensaje y recibir su bendici\u00f3n apost\u00f3lica. Hoy, 6 de septiembre de 2023, las delegadas al 29\u00ba Cap\u00edtulo General, la moderadora del Cap\u00edtulo, los [&hellip;]<\/p>\n","protected":false},"author":6,"featured_media":33067,"comment_status":"closed","ping_status":"closed","sticky":false,"template":"","format":"standard","meta":{"ngg_post_thumbnail":0,"footnotes":""},"categories":[3295],"tags":[],"lang":"es","translations":{"es":33433},"pll_sync_post":[],"_links":{"self":[{"href":"https:\/\/soeurs-de-la-presentation-de-marie.org\/pom\/wp-json\/wp\/v2\/posts\/33433"}],"collection":[{"href":"https:\/\/soeurs-de-la-presentation-de-marie.org\/pom\/wp-json\/wp\/v2\/posts"}],"about":[{"href":"https:\/\/soeurs-de-la-presentation-de-marie.org\/pom\/wp-json\/wp\/v2\/types\/post"}],"author":[{"embeddable":true,"href":"https:\/\/soeurs-de-la-presentation-de-marie.org\/pom\/wp-json\/wp\/v2\/users\/6"}],"replies":[{"embeddable":true,"href":"https:\/\/soeurs-de-la-presentation-de-marie.org\/pom\/wp-json\/wp\/v2\/comments?post=33433"}],"version-history":[{"count":2,"href":"https:\/\/soeurs-de-la-presentation-de-marie.org\/pom\/wp-json\/wp\/v2\/posts\/33433\/revisions"}],"predecessor-version":[{"id":33435,"href":"https:\/\/soeurs-de-la-presentation-de-marie.org\/pom\/wp-json\/wp\/v2\/posts\/33433\/revisions\/33435"}],"wp:featuredmedia":[{"embeddable":true,"href":"https:\/\/soeurs-de-la-presentation-de-marie.org\/pom\/wp-json\/wp\/v2\/media\/33067"}],"wp:attachment":[{"href":"https:\/\/soeurs-de-la-presentation-de-marie.org\/pom\/wp-json\/wp\/v2\/media?parent=33433"}],"wp:term":[{"taxonomy":"category","embeddable":true,"href":"https:\/\/soeurs-de-la-presentation-de-marie.org\/pom\/wp-json\/wp\/v2\/categories?post=33433"},{"taxonomy":"post_tag","embeddable":true,"href":"https:\/\/soeurs-de-la-presentation-de-marie.org\/pom\/wp-json\/wp\/v2\/tags?post=33433"}],"curies":[{"name":"wp","href":"https:\/\/api.w.org\/{rel}","templated":true}]}}