{"id":33456,"date":"2023-09-22T18:20:33","date_gmt":"2023-09-22T16:20:33","guid":{"rendered":"https:\/\/soeurs-de-la-presentation-de-marie.org\/pom\/?p=33456"},"modified":"2023-09-24T14:52:47","modified_gmt":"2023-09-24T12:52:47","slug":"7-septiembre","status":"publish","type":"post","link":"https:\/\/soeurs-de-la-presentation-de-marie.org\/pom\/7-septiembre\/","title":{"rendered":"7 Septiembre"},"content":{"rendered":"<p>D\u00cdA DEDICADO A SANTA MAR\u00cdA RIVIER<\/p>\n<p>&nbsp;<\/p>\n<p>\u00a1Esta fue una fecha muy especial! \u00a1Un d\u00eda especial para celebrar a nuestra querida Fundadora Santa Mar\u00eda Rivier! \u00a1Las laudes juntas en la capilla mayor nos prepararon para celebrar el d\u00eda con alegr\u00eda!<\/p>\n<p>La ma\u00f1ana se dividi\u00f3 en tres partes: rezar con las V\u00edrgenes de Mar\u00eda Rivier, contemplar sus Virtudes y celebrar la Santa Eucarist\u00eda. Todos sabemos que Mar\u00eda Rivier honr\u00f3 a la Virgen Mar\u00eda con varios nombres, entre ellos Nuestra Se\u00f1ora de la Sonrisa, Nuestra Se\u00f1ora del &nbsp;Puy y Nuestra Se\u00f1ora de la Presentaci\u00f3n. Divididas en diferentes grupos,&nbsp; tomamos el tiempo de estar con cada Virgen, con una gu\u00eda de oraci\u00f3n y actividades creativas. Cada peregrinaci\u00f3n nos dio la oportunidad de reflexionar sobre la relaci\u00f3n entre Santa Mar\u00eda Rivier y la Virgen Mar\u00eda.<\/p>\n<p>ngg_shortcode_0_placeholderLas virtudes de Mar\u00eda Rivier merecen ser celebradas, \u00a1porque hicieron de ella la Santa de la Iglesia universal! Cada grupo de hermanas deb\u00eda realizar un v\u00eddeo, un dibujo o un mimo que ilustrara sus virtudes de compasi\u00f3n, devoci\u00f3n, mortificaci\u00f3n, etc. Durante la celebraci\u00f3n de la Santa Eucarist\u00eda, ofrecimos con las V\u00edrgenes de Mar\u00eda Rivier los s\u00edmbolos que hab\u00edamos creado durante nuestras peregrinaciones. Tambi\u00e9n hab\u00eda un gran rompecabezas de piezas de corazones que colocamos juntas para crear el coraz\u00f3n de Jes\u00fas, \u00a1lleno de amor que nos inspira a amar tambi\u00e9n! Los v\u00eddeos se proyectaron durante la velada.<\/p>\n<p><img loading=\"lazy\" decoding=\"async\" class=\"alignleft wp-image-33212 \" src=\"https:\/\/soeurs-de-la-presentation-de-marie.org\/pom\/wp-content\/uploads\/2023\/09\/Waldery.jpeg\" alt=\"\" width=\"356\" height=\"267\">El Sr. Waldery Hilgeman, Postulador de la Causa de la &#8220;Beata&#8221; Mar\u00eda Rivier, estuvo presente por la tarde. Comparti\u00f3 su experiencia del proceso de canonizaci\u00f3n, felizmente concluido el 15 de mayo de 2022 en la Plaza de San Pedro. Agradeci\u00f3 a la Madre Maria dos Anjos y a la Congregaci\u00f3n la confianza depositada en sus capacidades y experiencia. La Congregaci\u00f3n le agradeci\u00f3 tambi\u00e9n el servicio prestado con tanta dedicaci\u00f3n, que ha tra\u00eddo gran alegr\u00eda a la familia religiosa y espiritual de Santa Mar\u00eda Rivier y a la Iglesia.<\/p>\n<p>&nbsp;<\/p>\n<p>El resto de la tarde se dedic\u00f3 a una mesa redonda con miembros invitados de la Familia Espiritual de Santa Mar\u00eda Rivier. Se trataba de los \u00e1mbitos de la educaci\u00f3n, representados por el Sr. Thierry Monet (Provincia de Francia) y el Sr. Eduardo Bueno (Regi\u00f3n de Per\u00fa). Los Asociados de Mar\u00eda Rivier, representados por la Sra. Flora (Provincia de Mozambique) y la Sra. Anabella Antoque (Provincia de Filipinas, por v\u00eddeo). Los Laicos Consagrados, representados por la Sra. Pauline Demers (Provincia de Quebec).&nbsp; La Hermana Nicole Mbenda Doungmene, joven hermana de Camer\u00fan, y los J\u00f3venes, representados por la Sra. Diana Alves de la Casa do Maria (Provincia de Portugal). Despu\u00e9s de compartir sus puntos de vista sobre tres cuestiones, hubo un &nbsp;tiempo para preguntas y aclaraciones en sus \u00e1reas particulares. El panel estuvo bien dirigido por la Hermana Marian Murcia, moderadora del Cap\u00edtulo.<\/p>\n<p>ngg_shortcode_1_placeholderEsta actividad se vivi\u00f3 con gran inter\u00e9s. En resumen, \u00a1la jornada acerc\u00f3 nuestros corazones a la Mujer Ap\u00f3stol con sabor a cielo!<\/p>\n<p>Os invitamos a ver la trasmisi\u00f3n del evento :<\/p>\n<p><iframe loading=\"lazy\" title=\"Panel - Spiritual Family of Saint Marie Rivier\" width=\"900\" height=\"506\" src=\"https:\/\/www.youtube.com\/embed\/RsLf6gLDzEo?start=2&#038;feature=oembed\" frameborder=\"0\" allow=\"accelerometer; autoplay; clipboard-write; encrypted-media; gyroscope; picture-in-picture; web-share\" allowfullscreen><\/iframe><\/p>\n<p>&nbsp;<\/p>\n<p>Nemi, 09.07.23<\/p>\n","protected":false},"excerpt":{"rendered":"<p>D\u00cdA DEDICADO A SANTA MAR\u00cdA RIVIER &nbsp; \u00a1Esta fue una fecha muy especial! \u00a1Un d\u00eda especial para celebrar a nuestra querida Fundadora Santa Mar\u00eda Rivier! \u00a1Las laudes juntas en la capilla mayor nos prepararon para celebrar el d\u00eda con alegr\u00eda! La ma\u00f1ana se dividi\u00f3 en tres partes: rezar con las V\u00edrgenes de Mar\u00eda Rivier, contemplar [&hellip;]<\/p>\n","protected":false},"author":6,"featured_media":31420,"comment_status":"closed","ping_status":"closed","sticky":false,"template":"","format":"standard","meta":{"ngg_post_thumbnail":0,"footnotes":""},"categories":[3295],"tags":[],"lang":"es","translations":{"es":33456},"pll_sync_post":[],"_links":{"self":[{"href":"https:\/\/soeurs-de-la-presentation-de-marie.org\/pom\/wp-json\/wp\/v2\/posts\/33456"}],"collection":[{"href":"https:\/\/soeurs-de-la-presentation-de-marie.org\/pom\/wp-json\/wp\/v2\/posts"}],"about":[{"href":"https:\/\/soeurs-de-la-presentation-de-marie.org\/pom\/wp-json\/wp\/v2\/types\/post"}],"author":[{"embeddable":true,"href":"https:\/\/soeurs-de-la-presentation-de-marie.org\/pom\/wp-json\/wp\/v2\/users\/6"}],"replies":[{"embeddable":true,"href":"https:\/\/soeurs-de-la-presentation-de-marie.org\/pom\/wp-json\/wp\/v2\/comments?post=33456"}],"version-history":[{"count":2,"href":"https:\/\/soeurs-de-la-presentation-de-marie.org\/pom\/wp-json\/wp\/v2\/posts\/33456\/revisions"}],"predecessor-version":[{"id":33458,"href":"https:\/\/soeurs-de-la-presentation-de-marie.org\/pom\/wp-json\/wp\/v2\/posts\/33456\/revisions\/33458"}],"wp:featuredmedia":[{"embeddable":true,"href":"https:\/\/soeurs-de-la-presentation-de-marie.org\/pom\/wp-json\/wp\/v2\/media\/31420"}],"wp:attachment":[{"href":"https:\/\/soeurs-de-la-presentation-de-marie.org\/pom\/wp-json\/wp\/v2\/media?parent=33456"}],"wp:term":[{"taxonomy":"category","embeddable":true,"href":"https:\/\/soeurs-de-la-presentation-de-marie.org\/pom\/wp-json\/wp\/v2\/categories?post=33456"},{"taxonomy":"post_tag","embeddable":true,"href":"https:\/\/soeurs-de-la-presentation-de-marie.org\/pom\/wp-json\/wp\/v2\/tags?post=33456"}],"curies":[{"name":"wp","href":"https:\/\/api.w.org\/{rel}","templated":true}]}}