{"id":33472,"date":"2023-09-25T14:16:38","date_gmt":"2023-09-25T12:16:38","guid":{"rendered":"https:\/\/soeurs-de-la-presentation-de-marie.org\/pom\/?p=33472"},"modified":"2023-09-25T14:17:43","modified_gmt":"2023-09-25T12:17:43","slug":"4-setembro","status":"publish","type":"post","link":"https:\/\/soeurs-de-la-presentation-de-marie.org\/pom\/4-setembro\/","title":{"rendered":"4 setembro"},"content":{"rendered":"<p>Depois do grande e emocionante domingo, levant\u00e1mo-nos todas para come\u00e7ar o dia com as Laudes, em grupos lingu\u00edsticos. Os Salmos falam muito bem da disposi\u00e7\u00e3o matinal dos nossos cora\u00e7\u00f5es: <em>Como o veado que anseia por ribeiros que correm, assim a minha alma anseia por ti, meu Deus.<\/em><\/p>\n<p>A nova semana come\u00e7ou e est\u00e1vamos a aproximar-nos da descida do voo para o qual caminh\u00e1mos juntas nas \u00faltimas semanas. A ordem do dia de hoje era o estudo das propostas \u00e0 Administra\u00e7\u00e3o Geral provenientes das diferentes Prov\u00edncias, Regi\u00f5es e Miss\u00f5es. Antes do Cap\u00edtulo Geral, estas propostas foram apresentadas \u00e0 Administra\u00e7\u00e3o Geral e uma Comiss\u00e3o reuniu as propostas da mesma categoria. Algumas propostas podem ser transformadas em desejos e vice-versa.<\/p>\n<p>Depois de algumas orienta\u00e7\u00f5es, come\u00e7ou o estudo s\u00e9rio e o discernimento! Houve um tempo de reflex\u00e3o pessoal, seguido de uma partilha em pequenos grupos. Ap\u00f3s a discuss\u00e3o de uma determinada proposta, as capitulares tiveram um espa\u00e7o de reflex\u00e3o antes de fazer a vota\u00e7\u00e3o final. Uma proposta pode ser votada positivamente ou negativamente. Sempre que uma proposta \u00e9 aprovada no Cap\u00edtulo, torna-se uma obriga\u00e7\u00e3o para a Administra\u00e7\u00e3o Geral e, de facto, para toda a Congrega\u00e7\u00e3o, implement\u00e1-las e viv\u00ea-las bem como o caminho para todas as Irm\u00e3s da Apresenta\u00e7\u00e3o de Maria para os pr\u00f3ximos seis anos.<\/p>\n<p><em>&#8220;Que Deus nos d\u00ea a sabedoria para compreender e viver plenamente o mist\u00e9rio do projeto que lhe aprouve decretar em Cristo&#8221;<\/em> (C\u00e2ntico de V\u00e9speras: Ef 1,3-10).<\/p>\n<p>&nbsp;<\/p>\n<p>NEMI, 04.09.2023<\/p>\n","protected":false},"excerpt":{"rendered":"<p>Depois do grande e emocionante domingo, levant\u00e1mo-nos todas para come\u00e7ar o dia com as Laudes, em grupos lingu\u00edsticos. Os Salmos falam muito bem da disposi\u00e7\u00e3o matinal dos nossos cora\u00e7\u00f5es: Como o veado que anseia por ribeiros que correm, assim a minha alma anseia por ti, meu Deus. A nova semana come\u00e7ou e est\u00e1vamos a aproximar-nos [&hellip;]<\/p>\n","protected":false},"author":6,"featured_media":33054,"comment_status":"closed","ping_status":"closed","sticky":false,"template":"","format":"standard","meta":{"ngg_post_thumbnail":0,"footnotes":""},"categories":[3293],"tags":[],"lang":"pt","translations":{"pt":33472},"pll_sync_post":[],"_links":{"self":[{"href":"https:\/\/soeurs-de-la-presentation-de-marie.org\/pom\/wp-json\/wp\/v2\/posts\/33472"}],"collection":[{"href":"https:\/\/soeurs-de-la-presentation-de-marie.org\/pom\/wp-json\/wp\/v2\/posts"}],"about":[{"href":"https:\/\/soeurs-de-la-presentation-de-marie.org\/pom\/wp-json\/wp\/v2\/types\/post"}],"author":[{"embeddable":true,"href":"https:\/\/soeurs-de-la-presentation-de-marie.org\/pom\/wp-json\/wp\/v2\/users\/6"}],"replies":[{"embeddable":true,"href":"https:\/\/soeurs-de-la-presentation-de-marie.org\/pom\/wp-json\/wp\/v2\/comments?post=33472"}],"version-history":[{"count":2,"href":"https:\/\/soeurs-de-la-presentation-de-marie.org\/pom\/wp-json\/wp\/v2\/posts\/33472\/revisions"}],"predecessor-version":[{"id":33474,"href":"https:\/\/soeurs-de-la-presentation-de-marie.org\/pom\/wp-json\/wp\/v2\/posts\/33472\/revisions\/33474"}],"wp:featuredmedia":[{"embeddable":true,"href":"https:\/\/soeurs-de-la-presentation-de-marie.org\/pom\/wp-json\/wp\/v2\/media\/33054"}],"wp:attachment":[{"href":"https:\/\/soeurs-de-la-presentation-de-marie.org\/pom\/wp-json\/wp\/v2\/media?parent=33472"}],"wp:term":[{"taxonomy":"category","embeddable":true,"href":"https:\/\/soeurs-de-la-presentation-de-marie.org\/pom\/wp-json\/wp\/v2\/categories?post=33472"},{"taxonomy":"post_tag","embeddable":true,"href":"https:\/\/soeurs-de-la-presentation-de-marie.org\/pom\/wp-json\/wp\/v2\/tags?post=33472"}],"curies":[{"name":"wp","href":"https:\/\/api.w.org\/{rel}","templated":true}]}}