{"id":33475,"date":"2023-09-25T14:22:09","date_gmt":"2023-09-25T12:22:09","guid":{"rendered":"https:\/\/soeurs-de-la-presentation-de-marie.org\/pom\/?p=33475"},"modified":"2023-09-25T14:22:09","modified_gmt":"2023-09-25T12:22:09","slug":"5-setembro","status":"publish","type":"post","link":"https:\/\/soeurs-de-la-presentation-de-marie.org\/pom\/5-setembro\/","title":{"rendered":"5 setembro"},"content":{"rendered":"<p><strong>ESTUDO E DISCERNIMENTO SOBRE AS PROPOSTAS<\/strong><\/p>\n<p>O dia come\u00e7ou com as Laudes por grupos lingu\u00edsticos.<\/p>\n<p>A atmosfera s\u00e9ria de estudo e discernimento iniciada ontem continuou quando os grupos de discernimento se reuniram para partilhar ideias e reflex\u00f5es sobre as restantes propostas.<\/p>\n<p>A partilha das reflex\u00f5es prosseguiu na sala capitular. Todas as que quiseram partilhar foram ouvidas. Quando as capitulantes estavam prontas, as propostas foram votadas. No final do dia, decidimos pacificamente as propostas e escut\u00e1mos atentamente os desejos apresentados ao Cap\u00edtulo geral e \u00e0 Administra\u00e7\u00e3o Geral.<\/p>\n<p>Depois das V\u00e9speras, Deus concedeu-nos um tempo para estarmos juntas em ora\u00e7\u00e3o silenciosa, enquanto esper\u00e1vamos pelo P. Abb\u00e8 Eug\u00e8ne Diatta, que presidiu \u00e0 celebra\u00e7\u00e3o eucar\u00edstica que encerrou lindamente o dia.<\/p>\nngg_shortcode_0_placeholder\n<p>&nbsp;Ir. Gina Mae, p.m.<\/p>\n<p>Nemi, 05.09.2023<\/p>\n","protected":false},"excerpt":{"rendered":"<p>ESTUDO E DISCERNIMENTO SOBRE AS PROPOSTAS O dia come\u00e7ou com as Laudes por grupos lingu\u00edsticos. A atmosfera s\u00e9ria de estudo e discernimento iniciada ontem continuou quando os grupos de discernimento se reuniram para partilhar ideias e reflex\u00f5es sobre as restantes propostas. A partilha das reflex\u00f5es prosseguiu na sala capitular. Todas as que quiseram partilhar foram [&hellip;]<\/p>\n","protected":false},"author":6,"featured_media":33061,"comment_status":"closed","ping_status":"closed","sticky":false,"template":"","format":"standard","meta":{"ngg_post_thumbnail":0,"footnotes":""},"categories":[3293],"tags":[],"lang":"pt","translations":{"pt":33475},"pll_sync_post":[],"_links":{"self":[{"href":"https:\/\/soeurs-de-la-presentation-de-marie.org\/pom\/wp-json\/wp\/v2\/posts\/33475"}],"collection":[{"href":"https:\/\/soeurs-de-la-presentation-de-marie.org\/pom\/wp-json\/wp\/v2\/posts"}],"about":[{"href":"https:\/\/soeurs-de-la-presentation-de-marie.org\/pom\/wp-json\/wp\/v2\/types\/post"}],"author":[{"embeddable":true,"href":"https:\/\/soeurs-de-la-presentation-de-marie.org\/pom\/wp-json\/wp\/v2\/users\/6"}],"replies":[{"embeddable":true,"href":"https:\/\/soeurs-de-la-presentation-de-marie.org\/pom\/wp-json\/wp\/v2\/comments?post=33475"}],"version-history":[{"count":1,"href":"https:\/\/soeurs-de-la-presentation-de-marie.org\/pom\/wp-json\/wp\/v2\/posts\/33475\/revisions"}],"predecessor-version":[{"id":33476,"href":"https:\/\/soeurs-de-la-presentation-de-marie.org\/pom\/wp-json\/wp\/v2\/posts\/33475\/revisions\/33476"}],"wp:featuredmedia":[{"embeddable":true,"href":"https:\/\/soeurs-de-la-presentation-de-marie.org\/pom\/wp-json\/wp\/v2\/media\/33061"}],"wp:attachment":[{"href":"https:\/\/soeurs-de-la-presentation-de-marie.org\/pom\/wp-json\/wp\/v2\/media?parent=33475"}],"wp:term":[{"taxonomy":"category","embeddable":true,"href":"https:\/\/soeurs-de-la-presentation-de-marie.org\/pom\/wp-json\/wp\/v2\/categories?post=33475"},{"taxonomy":"post_tag","embeddable":true,"href":"https:\/\/soeurs-de-la-presentation-de-marie.org\/pom\/wp-json\/wp\/v2\/tags?post=33475"}],"curies":[{"name":"wp","href":"https:\/\/api.w.org\/{rel}","templated":true}]}}