{"id":33477,"date":"2023-09-25T14:28:15","date_gmt":"2023-09-25T12:28:15","guid":{"rendered":"https:\/\/soeurs-de-la-presentation-de-marie.org\/pom\/?p=33477"},"modified":"2023-09-25T14:28:15","modified_gmt":"2023-09-25T12:28:15","slug":"6-setembro","status":"publish","type":"post","link":"https:\/\/soeurs-de-la-presentation-de-marie.org\/pom\/6-setembro\/","title":{"rendered":"6 setembro"},"content":{"rendered":"<p style=\"text-align: center;\"><strong>Audi\u00eancia com o Papa<\/strong><\/p>\n<p>&nbsp;<\/p>\n<p>A audi\u00eancia papal \u00e9 um momento oportuno em que os peregrinos vindos de diferentes partes do mundo t\u00eam a oportunidade de ver o Papa, ouvir a sua mensagem e receber a sua b\u00ean\u00e7\u00e3o apost\u00f3lica.<\/p>\n<p>Hoje, dia 6 de setembro de 2023, as delegadas do 29\u00ba Cap\u00edtulo Geral, a moderadora do Cap\u00edtulo, os int\u00e9rpretes e as Irm\u00e3s que trabalham na casa geral tiveram o privil\u00e9gio especial de assistir \u00e0 audi\u00eancia com Sua Santidade o Papa Francisco.<\/p>\n<p>A delega\u00e7\u00e3o inteira partiu do Centro Ad Gentes em Nemi, It\u00e1lia, para a Cidade do Vaticano em Roma, It\u00e1lia, \u00e0s 6h da manh\u00e3. Cheg\u00e1mos por volta das 7h30 e fizemos imediatamente fila para entrar na Pra\u00e7a de S\u00e3o Pedro, onde se realizar\u00e1 a audi\u00eancia. Pouco depois de todo o grupo estar instalado nos seus lugares, o Papa Francisco entrou na Pra\u00e7a de S\u00e3o Pedro, montado no seu papam\u00f3vel, em dire\u00e7\u00e3o \u00e0 plataforma no centro.<\/p>\n<p>ngg_shortcode_0_placeholderNa sua mensagem, partilhou a experi\u00eancia sobre a sua viagem \u00e0 Mong\u00f3lia, que foi precedida por uma leitura de 1 Samuel 16,7, onde se l\u00ea: &#8220;O Senhor n\u00e3o procura o centro das aten\u00e7\u00f5es, mas o cora\u00e7\u00e3o simples daqueles que o desejam e o amam sem ostenta\u00e7\u00e3o, sem quererem elevar-se acima dos outros&#8221;. No final da sua mensagem, o Papa disse: &#8220;Alarguemos os limites do nosso olhar para podermos ver o bem nos outros e sermos capazes de alargar os nossos horizontes, e abramos tamb\u00e9m o nosso cora\u00e7\u00e3o para crescer e expandir-se, para compreender, para estar perto de cada pessoa e de cada civiliza\u00e7\u00e3o&#8221;.<\/p>\n<p>O Papa Francisco deu depois a sua b\u00ean\u00e7\u00e3o e concluiu a audi\u00eancia geral com a ora\u00e7\u00e3o do Pai Nosso.<\/p>\n<p>As delegadas do Cap\u00edtulo e as outras irm\u00e3s foram aben\u00e7oadas com a oportunidade de tirar uma foto com o pr\u00f3prio Papa Francisco. A Madre Maria dos Anjos entregou graciosamente ao Papa o presente da Congrega\u00e7\u00e3o PM.<\/p>\n<p>De seguida, toda a delega\u00e7\u00e3o se dirigiu para a capela da Congrega\u00e7\u00e3o das Irm\u00e3s de Maria Bambina, nas proximidades, para a celebra\u00e7\u00e3o eucar\u00edstica presidida pelo Pe. &nbsp;Eug\u00e8ne. Depois da missa, a Madre Maria dos Anjos partilhou o que o Papa lhe transmitiu como mensagem para este novo mandato da Administra\u00e7\u00e3o geral e que se resume na viv\u00eancia das virtudes da humildade e da coragem.<\/p>\n<p>Depois da missa, houve tempo livre para todos explorarem a Cidade do Vaticano. \u00c0s 17 h, toda a delega\u00e7\u00e3o regressou ao Centro Ad Gentes de Nemi.<\/p>\n<p>&nbsp;<\/p>\n<p>Ir. Cherie Eloisa, pm<\/p>\n<p>Nemi, 09.06.2023<\/p>\n","protected":false},"excerpt":{"rendered":"<p>Audi\u00eancia com o Papa &nbsp; A audi\u00eancia papal \u00e9 um momento oportuno em que os peregrinos vindos de diferentes partes do mundo t\u00eam a oportunidade de ver o Papa, ouvir a sua mensagem e receber a sua b\u00ean\u00e7\u00e3o apost\u00f3lica. Hoje, dia 6 de setembro de 2023, as delegadas do 29\u00ba Cap\u00edtulo Geral, a moderadora do [&hellip;]<\/p>\n","protected":false},"author":6,"featured_media":33066,"comment_status":"closed","ping_status":"closed","sticky":false,"template":"","format":"standard","meta":{"ngg_post_thumbnail":0,"footnotes":""},"categories":[3293],"tags":[],"lang":"pt","translations":{"pt":33477},"pll_sync_post":[],"_links":{"self":[{"href":"https:\/\/soeurs-de-la-presentation-de-marie.org\/pom\/wp-json\/wp\/v2\/posts\/33477"}],"collection":[{"href":"https:\/\/soeurs-de-la-presentation-de-marie.org\/pom\/wp-json\/wp\/v2\/posts"}],"about":[{"href":"https:\/\/soeurs-de-la-presentation-de-marie.org\/pom\/wp-json\/wp\/v2\/types\/post"}],"author":[{"embeddable":true,"href":"https:\/\/soeurs-de-la-presentation-de-marie.org\/pom\/wp-json\/wp\/v2\/users\/6"}],"replies":[{"embeddable":true,"href":"https:\/\/soeurs-de-la-presentation-de-marie.org\/pom\/wp-json\/wp\/v2\/comments?post=33477"}],"version-history":[{"count":1,"href":"https:\/\/soeurs-de-la-presentation-de-marie.org\/pom\/wp-json\/wp\/v2\/posts\/33477\/revisions"}],"predecessor-version":[{"id":33478,"href":"https:\/\/soeurs-de-la-presentation-de-marie.org\/pom\/wp-json\/wp\/v2\/posts\/33477\/revisions\/33478"}],"wp:featuredmedia":[{"embeddable":true,"href":"https:\/\/soeurs-de-la-presentation-de-marie.org\/pom\/wp-json\/wp\/v2\/media\/33066"}],"wp:attachment":[{"href":"https:\/\/soeurs-de-la-presentation-de-marie.org\/pom\/wp-json\/wp\/v2\/media?parent=33477"}],"wp:term":[{"taxonomy":"category","embeddable":true,"href":"https:\/\/soeurs-de-la-presentation-de-marie.org\/pom\/wp-json\/wp\/v2\/categories?post=33477"},{"taxonomy":"post_tag","embeddable":true,"href":"https:\/\/soeurs-de-la-presentation-de-marie.org\/pom\/wp-json\/wp\/v2\/tags?post=33477"}],"curies":[{"name":"wp","href":"https:\/\/api.w.org\/{rel}","templated":true}]}}