{"id":33479,"date":"2023-09-25T14:41:32","date_gmt":"2023-09-25T12:41:32","guid":{"rendered":"https:\/\/soeurs-de-la-presentation-de-marie.org\/pom\/?p=33479"},"modified":"2023-09-25T14:46:36","modified_gmt":"2023-09-25T12:46:36","slug":"7-setembro","status":"publish","type":"post","link":"https:\/\/soeurs-de-la-presentation-de-marie.org\/pom\/7-setembro\/","title":{"rendered":"7 setembro"},"content":{"rendered":"<p>DIA DEDICADO A SANTA MARIA RIVIER<\/p>\n<p>&nbsp;<\/p>\n<p>Esta data era muito particular! Era um dia especial para celebrar a nossa querida fundadora Santa Maria Rivier! Rezamos as Laudes em comum, na grande capela, dispuseram-nos interiormente a celebrar este dia com alegria!<\/p>\n<p>A celebra\u00e7\u00e3o da manh\u00e3 foi composta por tr\u00eas momentos: celebrar com a Virgem&nbsp; Maria, as suas Virtudes e a celebra\u00e7\u00e3o da Sagrada Eucaristia. Todos n\u00f3s sabemos que Marie Rivier tem t\u00edtulos especiais da Sant\u00edssima Virgem Maria. Alguns deles eram:&nbsp; Nossa Senhora do Sorriso, Nossa Senhora do Puy e Nossa Senhora da Apresenta\u00e7\u00e3o. Divididos em diferentes grupos, dedic\u00e1mos o tempo em estar com cada uma das imagens de Nossa Senhora que representam os t\u00edtulos acima referidos tendo um gui\u00e3o &nbsp;de ora\u00e7\u00e3o previamente preparado com atividades criativas de ora\u00e7\u00e3o. Cada peregrina\u00e7\u00e3o deu-nos a oportunidade de refletir sobre as rela\u00e7\u00f5es de Santa Maria Rivier com a Virgem Maria.&nbsp;<\/p>\n<p>ngg_shortcode_0_placeholderAs suas virtudes merecem ser celebradas, pois foram elas que fizeram dela a Santa da Igreja universal! Cada grupo de virtudes devia realizar um v\u00eddeo com uma encena\u00e7\u00e3o ou uma m\u00edmica que retratasse as suas virtudes de compaix\u00e3o, mortifica\u00e7\u00e3o, etc. Na celebra\u00e7\u00e3o da Santa Eucaristia, oferecemos os s\u00edmbolos que cri\u00e1mos durante as nossas peregrina\u00e7\u00f5es \u00e0s Virgens de Maria Rivier! Havia tamb\u00e9m um grande puzzle de pe\u00e7as de cora\u00e7\u00e3o que junt\u00e1mos para criar o cora\u00e7\u00e3o de Jesus cheio de amor que nos impele tamb\u00e9m a amar! Os v\u00eddeos foram apresentados durante a festa da noite!&nbsp;<\/p>\n<p><img loading=\"lazy\" decoding=\"async\" class=\"alignleft wp-image-33211 \" src=\"https:\/\/soeurs-de-la-presentation-de-marie.org\/pom\/wp-content\/uploads\/2023\/09\/Waldery.jpeg\" alt=\"\" width=\"343\" height=\"258\">O Dr. Waldery Hilgeman, Postulador da Causa da &#8220;Beata&#8221; Marie Rivier, esteve presente nas actividades da tarde. Ele partilhou um pouco da sua experi\u00eancia sobre o processo de canoniza\u00e7\u00e3o que foi felizmente conclu\u00eddo no passado dia 15 de maio de 2022 na Pra\u00e7a de S\u00e3o Pedro. Ele agradeceu a Madre Maria dos Anjos e a Congrega\u00e7\u00e3o pela confian\u00e7a em sua capacidade e experi\u00eancia. A Congrega\u00e7\u00e3o agradeceu igualmente o servi\u00e7o que prestou com tanta devo\u00e7\u00e3o e que tanta alegria trouxe \u00e0 Fam\u00edlia Religiosa e Espiritual de Santa Maria Rivier e \u00e0 Igreja.<\/p>\n<p>O resto da tarde foi dedicado \u00e0 partilha de pain\u00e9is de membros convidados da Fam\u00edlia Espiritual de Santa Maria Rivier. S\u00e3o as \u00e1reas da Educa\u00e7\u00e3o, representadas pelo Sr. Thierry Monet (Prov\u00edncia da Fran\u00e7a) e pelo Sr. Eduardo Bueno (Regi\u00e3o do Peru). Os Associados Maria Rivier, representados pela Sra. Flora (Prov\u00edncia de Mo\u00e7ambique) e pela Sra. Anabella Antoque (Prov\u00edncia das Filipinas) est\u00e1 \u00faltima, n\u00e3o pode estar presente connosco. Os Leigos Consagrados, representados pela Sra. Pauline Demeurs (Prov\u00edncia do Qu\u00e9bec) e os Jovens pela Sra. Diana Alves da Casa de Maria (Prov\u00edncia Portuguesa). Depois da partilha sobre tr\u00eas quest\u00f5es, houve um tempo para perguntas e esclarecimentos sobre as suas \u00e1reas espec\u00edficas. O painel de discuss\u00e3o foi bem facilitado por Ir. Marian Murcia, a moderadora do Cap\u00edtulo.<\/p>\n<p>ngg_shortcode_1_placeholderEsta atividade foi bem vivida. Em suma, este dia fez com que os nossos cora\u00e7\u00f5es se aproximassem da Mulher Ap\u00f3stola, um sabor do c\u00e9u!<\/p>\n<p>Convidamo-vos a ver o livestreaming do evento dispon\u00edvel neste link:&nbsp; <a href=\"https:\/\/www.youtube.com\/watch?v=RsLf6gLDzEo\">Fam\u00edlia Espiritual de Santa Maria Rivier.<\/a><\/p>\n<p>&nbsp;<\/p>\n<p>Nemi, 09.07.23<\/p>\n","protected":false},"excerpt":{"rendered":"<p>DIA DEDICADO A SANTA MARIA RIVIER &nbsp; Esta data era muito particular! Era um dia especial para celebrar a nossa querida fundadora Santa Maria Rivier! Rezamos as Laudes em comum, na grande capela, dispuseram-nos interiormente a celebrar este dia com alegria! A celebra\u00e7\u00e3o da manh\u00e3 foi composta por tr\u00eas momentos: celebrar com a Virgem&nbsp; Maria, [&hellip;]<\/p>\n","protected":false},"author":6,"featured_media":31419,"comment_status":"closed","ping_status":"closed","sticky":false,"template":"","format":"standard","meta":{"ngg_post_thumbnail":0,"footnotes":""},"categories":[3293],"tags":[],"lang":"pt","translations":{"pt":33479},"pll_sync_post":[],"_links":{"self":[{"href":"https:\/\/soeurs-de-la-presentation-de-marie.org\/pom\/wp-json\/wp\/v2\/posts\/33479"}],"collection":[{"href":"https:\/\/soeurs-de-la-presentation-de-marie.org\/pom\/wp-json\/wp\/v2\/posts"}],"about":[{"href":"https:\/\/soeurs-de-la-presentation-de-marie.org\/pom\/wp-json\/wp\/v2\/types\/post"}],"author":[{"embeddable":true,"href":"https:\/\/soeurs-de-la-presentation-de-marie.org\/pom\/wp-json\/wp\/v2\/users\/6"}],"replies":[{"embeddable":true,"href":"https:\/\/soeurs-de-la-presentation-de-marie.org\/pom\/wp-json\/wp\/v2\/comments?post=33479"}],"version-history":[{"count":3,"href":"https:\/\/soeurs-de-la-presentation-de-marie.org\/pom\/wp-json\/wp\/v2\/posts\/33479\/revisions"}],"predecessor-version":[{"id":33481,"href":"https:\/\/soeurs-de-la-presentation-de-marie.org\/pom\/wp-json\/wp\/v2\/posts\/33479\/revisions\/33481"}],"wp:featuredmedia":[{"embeddable":true,"href":"https:\/\/soeurs-de-la-presentation-de-marie.org\/pom\/wp-json\/wp\/v2\/media\/31419"}],"wp:attachment":[{"href":"https:\/\/soeurs-de-la-presentation-de-marie.org\/pom\/wp-json\/wp\/v2\/media?parent=33479"}],"wp:term":[{"taxonomy":"category","embeddable":true,"href":"https:\/\/soeurs-de-la-presentation-de-marie.org\/pom\/wp-json\/wp\/v2\/categories?post=33479"},{"taxonomy":"post_tag","embeddable":true,"href":"https:\/\/soeurs-de-la-presentation-de-marie.org\/pom\/wp-json\/wp\/v2\/tags?post=33479"}],"curies":[{"name":"wp","href":"https:\/\/api.w.org\/{rel}","templated":true}]}}