{"id":33483,"date":"2023-09-25T14:49:08","date_gmt":"2023-09-25T12:49:08","guid":{"rendered":"https:\/\/soeurs-de-la-presentation-de-marie.org\/pom\/?p=33483"},"modified":"2023-09-25T14:49:49","modified_gmt":"2023-09-25T12:49:49","slug":"8-setembro","status":"publish","type":"post","link":"https:\/\/soeurs-de-la-presentation-de-marie.org\/pom\/8-setembro\/","title":{"rendered":"8 setembro"},"content":{"rendered":"<p>8 de setembro<\/p>\n<p>Aprofund\u00e1mos hoje, o conte\u00fado da mensagem final elaborada pelos membros do Comit\u00e9 de Reda\u00e7\u00e3o. O conte\u00fado da mensagem est\u00e1 bem expresso, com o qual nos podemos identificar para o viver. No entanto, precisava de ser melhorado, na sua reda\u00e7\u00e3o, para uma maior clarifica\u00e7\u00e3o e reorganiza\u00e7\u00e3o das ideias. Os membros do Comit\u00e9 apreciaram bem a composi\u00e7\u00e3o da mensagem final. Amanh\u00e3, vot\u00e1-la-emos, depois da Comiss\u00e3o ter feito os retoques necess\u00e1rios nalgumas partes da mensagem.<\/p>\n<p>&nbsp;<\/p>\n<p>Nemi,&nbsp;09.08.23<\/p>\n","protected":false},"excerpt":{"rendered":"<p>8 de setembro Aprofund\u00e1mos hoje, o conte\u00fado da mensagem final elaborada pelos membros do Comit\u00e9 de Reda\u00e7\u00e3o. O conte\u00fado da mensagem est\u00e1 bem expresso, com o qual nos podemos identificar para o viver. No entanto, precisava de ser melhorado, na sua reda\u00e7\u00e3o, para uma maior clarifica\u00e7\u00e3o e reorganiza\u00e7\u00e3o das ideias. Os membros do Comit\u00e9 apreciaram [&hellip;]<\/p>\n","protected":false},"author":6,"featured_media":33390,"comment_status":"closed","ping_status":"closed","sticky":false,"template":"","format":"standard","meta":{"ngg_post_thumbnail":0,"footnotes":""},"categories":[3293],"tags":[],"lang":"pt","translations":{"pt":33483},"pll_sync_post":[],"_links":{"self":[{"href":"https:\/\/soeurs-de-la-presentation-de-marie.org\/pom\/wp-json\/wp\/v2\/posts\/33483"}],"collection":[{"href":"https:\/\/soeurs-de-la-presentation-de-marie.org\/pom\/wp-json\/wp\/v2\/posts"}],"about":[{"href":"https:\/\/soeurs-de-la-presentation-de-marie.org\/pom\/wp-json\/wp\/v2\/types\/post"}],"author":[{"embeddable":true,"href":"https:\/\/soeurs-de-la-presentation-de-marie.org\/pom\/wp-json\/wp\/v2\/users\/6"}],"replies":[{"embeddable":true,"href":"https:\/\/soeurs-de-la-presentation-de-marie.org\/pom\/wp-json\/wp\/v2\/comments?post=33483"}],"version-history":[{"count":2,"href":"https:\/\/soeurs-de-la-presentation-de-marie.org\/pom\/wp-json\/wp\/v2\/posts\/33483\/revisions"}],"predecessor-version":[{"id":33485,"href":"https:\/\/soeurs-de-la-presentation-de-marie.org\/pom\/wp-json\/wp\/v2\/posts\/33483\/revisions\/33485"}],"wp:featuredmedia":[{"embeddable":true,"href":"https:\/\/soeurs-de-la-presentation-de-marie.org\/pom\/wp-json\/wp\/v2\/media\/33390"}],"wp:attachment":[{"href":"https:\/\/soeurs-de-la-presentation-de-marie.org\/pom\/wp-json\/wp\/v2\/media?parent=33483"}],"wp:term":[{"taxonomy":"category","embeddable":true,"href":"https:\/\/soeurs-de-la-presentation-de-marie.org\/pom\/wp-json\/wp\/v2\/categories?post=33483"},{"taxonomy":"post_tag","embeddable":true,"href":"https:\/\/soeurs-de-la-presentation-de-marie.org\/pom\/wp-json\/wp\/v2\/tags?post=33483"}],"curies":[{"name":"wp","href":"https:\/\/api.w.org\/{rel}","templated":true}]}}