{"id":33486,"date":"2023-09-25T14:56:46","date_gmt":"2023-09-25T12:56:46","guid":{"rendered":"https:\/\/soeurs-de-la-presentation-de-marie.org\/pom\/?p=33486"},"modified":"2023-09-25T14:57:54","modified_gmt":"2023-09-25T12:57:54","slug":"9-setembro","status":"publish","type":"post","link":"https:\/\/soeurs-de-la-presentation-de-marie.org\/pom\/9-setembro\/","title":{"rendered":"9 setembro"},"content":{"rendered":"<p>Hoje foi um dia de transi\u00e7\u00e3o.&nbsp; O fim do Cap\u00edtulo est\u00e1 a se aproximar e sentimo-nos gratos por termos realizado o que viemos aqui fazer.<\/p>\n<p>O dia come\u00e7ou com a ora\u00e7\u00e3o da manh\u00e3 preparada pelas nossas Irm\u00e3s de Espanha.<\/p>\n<p>Depois do pequeno-almo\u00e7o, trabalh\u00e1mos para dar os \u00faltimos retoques \u00e0 Mensagem Capitular.<\/p>\n<p><img loading=\"lazy\" decoding=\"async\" class=\" wp-image-33148 alignleft\" src=\"https:\/\/soeurs-de-la-presentation-de-marie.org\/pom\/wp-content\/uploads\/2023\/09\/Final-Message-4-750x450.jpg\" alt=\"\" width=\"348\" height=\"209\"> <img loading=\"lazy\" decoding=\"async\" class=\" wp-image-33144 alignright\" src=\"https:\/\/soeurs-de-la-presentation-de-marie.org\/pom\/wp-content\/uploads\/2023\/09\/Final-Message-2-750x450.jpg\" alt=\"\" width=\"349\" height=\"210\"><\/p>\n<p>&nbsp;<\/p>\n<p>&nbsp;<\/p>\n<p>&nbsp;<\/p>\n<p>&nbsp;<\/p>\n<p>&nbsp;<\/p>\n<p>&nbsp;<\/p>\n<p>Depois Mud\u00e1mos de atividade, passamos a endere\u00e7ar a nossa gratid\u00e3o a todas as pessoas que fizeram deste Cap\u00edtulo uma experi\u00eancia intercultural verdadeiramente cheia de caminhos de crescimento. Algumas das nossas Irm\u00e3s, muito criativas, organizaram as express\u00f5es de gratid\u00e3o como se as pessoas a agradecer fossem convidadas num epis\u00f3dio de &#8220;PM TV&#8221;. Os locutores com criatividade e entusiasmo tocaram o p\u00fablico que exultou de alegria atrav\u00e9s de aplausos, ao som de tambor e at\u00e9 um pouco de dan\u00e7a. Cada uma das Irm\u00e3s expressou a sua gratid\u00e3o \u00e0queles que estiveram ao seu servi\u00e7o durante o Cap\u00edtulo. Houve um intervalo comercial feito por uma das nossas Irm\u00e3s do Senegal, que, de forma hilariante, anunciou as v\u00e1rias bebidas quentes e lanches que estavam dispon\u00edveis para n\u00f3s durante todo o Cap\u00edtulo. Ela tentou atrair o p\u00fablico falando nas cinco l\u00ednguas da Congrega\u00e7\u00e3o, incluindo o japon\u00eas, que ela inventou duma forma c\u00f3mica.<\/p>\n<p>ngg_shortcode_0_placeholderTerminadas as express\u00f5es de gratid\u00e3o aos participantes, pass\u00e1mos a agradecer ao nosso Deus generoso e renovador de vida. A celebra\u00e7\u00e3o eucar\u00edstica foi preparada e animada pelas nossas Irm\u00e3s de G\u00e2mbia\/Gana.<\/p>\n<p>A tarde fomos a um santu\u00e1rio pr\u00f3ximo, o de Nossa Senhora do Divino Amor.&nbsp; Este santu\u00e1rio presta homenagem a Nossa Senhora pelas interven\u00e7\u00f5es em favor do povo romano, atrav\u00e9s de um fresco milagroso, que data de 1740. Juntos rez\u00e1mos o ter\u00e7o em cinco l\u00ednguas na igreja principal do santu\u00e1rio.&nbsp; Depois, sentindo o calor do dia, sabore\u00e1mos com gratid\u00e3o um gelado, oferecido pela Madre Maria dos Anjos.<\/p>\n<p>Por fim regressamos ao Centro Ad Gentes um pouco antes do jantar, tomamos a refei\u00e7\u00e3o e nos retiramos, agradecidas por um dia muito agrad\u00e1vel!&nbsp;<\/p>\nngg_shortcode_1_placeholder\n<p>Ir. Diane Dube<\/p>\n<p>Nemi, 09.09.2023<\/p>\n","protected":false},"excerpt":{"rendered":"<p>Hoje foi um dia de transi\u00e7\u00e3o.&nbsp; O fim do Cap\u00edtulo est\u00e1 a se aproximar e sentimo-nos gratos por termos realizado o que viemos aqui fazer. O dia come\u00e7ou com a ora\u00e7\u00e3o da manh\u00e3 preparada pelas nossas Irm\u00e3s de Espanha. Depois do pequeno-almo\u00e7o, trabalh\u00e1mos para dar os \u00faltimos retoques \u00e0 Mensagem Capitular. &nbsp; &nbsp; &nbsp; &nbsp; [&hellip;]<\/p>\n","protected":false},"author":6,"featured_media":33080,"comment_status":"closed","ping_status":"closed","sticky":false,"template":"","format":"standard","meta":{"ngg_post_thumbnail":0,"footnotes":""},"categories":[3293],"tags":[],"lang":"pt","translations":{"pt":33486},"pll_sync_post":[],"_links":{"self":[{"href":"https:\/\/soeurs-de-la-presentation-de-marie.org\/pom\/wp-json\/wp\/v2\/posts\/33486"}],"collection":[{"href":"https:\/\/soeurs-de-la-presentation-de-marie.org\/pom\/wp-json\/wp\/v2\/posts"}],"about":[{"href":"https:\/\/soeurs-de-la-presentation-de-marie.org\/pom\/wp-json\/wp\/v2\/types\/post"}],"author":[{"embeddable":true,"href":"https:\/\/soeurs-de-la-presentation-de-marie.org\/pom\/wp-json\/wp\/v2\/users\/6"}],"replies":[{"embeddable":true,"href":"https:\/\/soeurs-de-la-presentation-de-marie.org\/pom\/wp-json\/wp\/v2\/comments?post=33486"}],"version-history":[{"count":2,"href":"https:\/\/soeurs-de-la-presentation-de-marie.org\/pom\/wp-json\/wp\/v2\/posts\/33486\/revisions"}],"predecessor-version":[{"id":33488,"href":"https:\/\/soeurs-de-la-presentation-de-marie.org\/pom\/wp-json\/wp\/v2\/posts\/33486\/revisions\/33488"}],"wp:featuredmedia":[{"embeddable":true,"href":"https:\/\/soeurs-de-la-presentation-de-marie.org\/pom\/wp-json\/wp\/v2\/media\/33080"}],"wp:attachment":[{"href":"https:\/\/soeurs-de-la-presentation-de-marie.org\/pom\/wp-json\/wp\/v2\/media?parent=33486"}],"wp:term":[{"taxonomy":"category","embeddable":true,"href":"https:\/\/soeurs-de-la-presentation-de-marie.org\/pom\/wp-json\/wp\/v2\/categories?post=33486"},{"taxonomy":"post_tag","embeddable":true,"href":"https:\/\/soeurs-de-la-presentation-de-marie.org\/pom\/wp-json\/wp\/v2\/tags?post=33486"}],"curies":[{"name":"wp","href":"https:\/\/api.w.org\/{rel}","templated":true}]}}