{"id":33489,"date":"2023-09-25T15:09:15","date_gmt":"2023-09-25T13:09:15","guid":{"rendered":"https:\/\/soeurs-de-la-presentation-de-marie.org\/pom\/?p=33489"},"modified":"2023-09-25T15:09:48","modified_gmt":"2023-09-25T13:09:48","slug":"10-setembro","status":"publish","type":"post","link":"https:\/\/soeurs-de-la-presentation-de-marie.org\/pom\/10-setembro\/","title":{"rendered":"10 setembro"},"content":{"rendered":"<p>Celebra\u00e7\u00e3o eucar\u00edstica de encerramento<\/p>\n<p>O dia come\u00e7ou com a ora\u00e7\u00e3o de Laudes em comum.&nbsp; Tivemos uma manh\u00e3 calma. Depois do pequeno-almo\u00e7o, as Irm\u00e3s aproveitaram o tempo para conversar, fazer um momento de ora\u00e7\u00e3o pessoal, contemplar a natureza, saborear uma ch\u00e1vena de caf\u00e9 ou um ch\u00e1 de lim\u00e3o quente. Foi uma manh\u00e3 repousante ap\u00f3s semanas de trabalhos intensos no Cap\u00edtulo Geral.<\/p>\n<p>Sua Emin\u00eancia o Cardeal Jo\u00e3o Braz de Aviz, Prefeito do Dicast\u00e9rio da Vida Consagrada e das Sociedades de Vida Apost\u00f3lica, presidiu \u00e0 Celebra\u00e7\u00e3o de Encerramento do 29\u00ba Cap\u00edtulo Geral. \u00c9 natural do Brasil. Foi nomeado pelo Papa Bento XVI a 4 de janeiro de 2011. Acompanha a Vida Consagrada e as Sociedades de Vida Apost\u00f3lica com dedica\u00e7\u00e3o, carinho e miseric\u00f3rdia no meio de tantos desafios que se colocam hoje. A Irm\u00e3 Kelly e a Irm\u00e3 Hort\u00eancia acolheram-no calorosamente em nome das capitulares. A missa foi animada pelas Irm\u00e3s de Mo\u00e7ambique em colabora\u00e7\u00e3o com os diferentes grupos lingu\u00edsticos, o que deu \u00e0 celebra\u00e7\u00e3o lit\u00fargica um sabor interculturalidade.&nbsp; O Cardeal Braz expressou a sua alegria de estar connosco.<\/p>\n<p>O Cardeal falou do Evangelho sobre o perd\u00e3o. O perd\u00e3o \u00e9 um instrumento precioso necess\u00e1rio em cada um para construir uma comunidade fraterna. A vida religiosa \u00e9 seguir Cristo, JUNTOS. \u00c9 caminhar junto com a nossa bela diversidade, pois sabemos que a unidade se constr\u00f3i na diversidade. \u00c9 neste contexto que formamos a vida fraterna e, exercemos a corre\u00e7\u00e3o fraterna, se \u00e9 necess\u00e1rio. Sublinhou o papel do Evangelho na viv\u00eancia do nosso caminhar juntos em comunidade. Temos necessidade de deixar o Evangelho entrar nas nossas vidas e ver a situa\u00e7\u00e3o atrav\u00e9s das lentes do Evangelho. \u00c9 a partir do Evangelho que podemos viver em harmonia. Depois da missa, saud\u00e1mos o Cardeal e partilh\u00e1mos uma refei\u00e7\u00e3o festiva.&nbsp;<\/p>\n<p>ngg_shortcode_0_placeholderPara ver a <a href=\"https:\/\/youtu.be\/j0ApwKWOgaY\">Celebra\u00e7\u00e3o Eucar\u00edstica de Encerramento, clique em<\/a>:&nbsp;<\/p>\n<p>\u00c0 tarde, algumas irm\u00e3s caminharam at\u00e9 a vila de Nemi para comprar algumas lembran\u00e7as e saborear o gelado local. Enquanto outras tiveram uma tarde tranquila ou come\u00e7aram a arrumar as suas malas para o regresso aos seus pa\u00edses. A tarde foi tranquila e repousante. Sentimos que o 29\u00ba Cap\u00edtulo Geral terminou, mas continuamos a escrever as p\u00e1ginas do novo cap\u00edtulo da nossa vida de cada dia, como Congrega\u00e7\u00e3o&#8230; <strong><em>O amor de Cristo impele-nos&#8230; avancemos nos passos de Santa Maria Rivier!<\/em><\/strong> Para onde o Esp\u00edrito nos conduzir\u2026.<\/p>\n<p>ngg_shortcode_1_placeholderNemi, 09.10.2023<\/p>\n","protected":false},"excerpt":{"rendered":"<p>Celebra\u00e7\u00e3o eucar\u00edstica de encerramento O dia come\u00e7ou com a ora\u00e7\u00e3o de Laudes em comum.&nbsp; Tivemos uma manh\u00e3 calma. Depois do pequeno-almo\u00e7o, as Irm\u00e3s aproveitaram o tempo para conversar, fazer um momento de ora\u00e7\u00e3o pessoal, contemplar a natureza, saborear uma ch\u00e1vena de caf\u00e9 ou um ch\u00e1 de lim\u00e3o quente. Foi uma manh\u00e3 repousante ap\u00f3s semanas de [&hellip;]<\/p>\n","protected":false},"author":6,"featured_media":33400,"comment_status":"closed","ping_status":"closed","sticky":false,"template":"","format":"standard","meta":{"ngg_post_thumbnail":0,"footnotes":""},"categories":[3293],"tags":[],"lang":"pt","translations":{"pt":33489},"pll_sync_post":[],"_links":{"self":[{"href":"https:\/\/soeurs-de-la-presentation-de-marie.org\/pom\/wp-json\/wp\/v2\/posts\/33489"}],"collection":[{"href":"https:\/\/soeurs-de-la-presentation-de-marie.org\/pom\/wp-json\/wp\/v2\/posts"}],"about":[{"href":"https:\/\/soeurs-de-la-presentation-de-marie.org\/pom\/wp-json\/wp\/v2\/types\/post"}],"author":[{"embeddable":true,"href":"https:\/\/soeurs-de-la-presentation-de-marie.org\/pom\/wp-json\/wp\/v2\/users\/6"}],"replies":[{"embeddable":true,"href":"https:\/\/soeurs-de-la-presentation-de-marie.org\/pom\/wp-json\/wp\/v2\/comments?post=33489"}],"version-history":[{"count":2,"href":"https:\/\/soeurs-de-la-presentation-de-marie.org\/pom\/wp-json\/wp\/v2\/posts\/33489\/revisions"}],"predecessor-version":[{"id":33491,"href":"https:\/\/soeurs-de-la-presentation-de-marie.org\/pom\/wp-json\/wp\/v2\/posts\/33489\/revisions\/33491"}],"wp:featuredmedia":[{"embeddable":true,"href":"https:\/\/soeurs-de-la-presentation-de-marie.org\/pom\/wp-json\/wp\/v2\/media\/33400"}],"wp:attachment":[{"href":"https:\/\/soeurs-de-la-presentation-de-marie.org\/pom\/wp-json\/wp\/v2\/media?parent=33489"}],"wp:term":[{"taxonomy":"category","embeddable":true,"href":"https:\/\/soeurs-de-la-presentation-de-marie.org\/pom\/wp-json\/wp\/v2\/categories?post=33489"},{"taxonomy":"post_tag","embeddable":true,"href":"https:\/\/soeurs-de-la-presentation-de-marie.org\/pom\/wp-json\/wp\/v2\/tags?post=33489"}],"curies":[{"name":"wp","href":"https:\/\/api.w.org\/{rel}","templated":true}]}}