{"id":33492,"date":"2023-09-25T15:19:05","date_gmt":"2023-09-25T13:19:05","guid":{"rendered":"https:\/\/soeurs-de-la-presentation-de-marie.org\/pom\/?p=33492"},"modified":"2023-09-25T15:22:54","modified_gmt":"2023-09-25T13:22:54","slug":"11-setembro","status":"publish","type":"post","link":"https:\/\/soeurs-de-la-presentation-de-marie.org\/pom\/11-setembro\/","title":{"rendered":"11 setembro"},"content":{"rendered":"<p>A cerim\u00f3nia de envio foi marcada para as 11h00. \u00c0s 9h15 chegaram as equipas de livestreaming e come\u00e7aram a preparar o seu equipamento.&nbsp; Os movimentos no interior da capela indicavam a festa que se aproximava!<\/p>\n<p>Pouco a pouco as irm\u00e3s foram chegando. No momento previsto, a celebra\u00e7\u00e3o come\u00e7ou!<\/p>\n<p>A Mensagem final do Cap\u00edtulo Geral foi lida de forma solene, nas diferentes l\u00ednguas.&nbsp; Ap\u00f3s a leitura de cada parte, a Congrega\u00e7\u00e3o respondeu cantando o refr\u00e3o da can\u00e7\u00e3o <strong><em>Um Evangelho Aberto:<\/em><\/strong>&nbsp;&nbsp;&nbsp;<\/p>\n<p style=\"text-align: center;\"><span style=\"color: #003300;\"><em>C<\/em><em><span style=\"color: #003300;\">o<\/span>mbien je voudrais \u00eatre<\/em><\/span><\/p>\n<p style=\"text-align: center;\"><span style=\"color: #003300;\"><em>Um Evangelho aberto<\/em><\/span><\/p>\n<p style=\"text-align: center;\"><span style=\"color: #003300;\"><em>O\u00f9 les gens reconnaissent<\/em><\/span><\/p>\n<p style=\"text-align: center;\"><span style=\"color: #003300;\"><em>Entre as linhas da minha vida&#8230; J\u00e9sus-Cristo!<\/em><\/span><\/p>\n<p>O segundo momento alto da celebra\u00e7\u00e3o foi o envio, cada delega\u00e7\u00e3o foi chamada, acompanhado da entrega do s\u00edmbolo: os pequenos sinos de Santa Maria Rivier!<\/p>\n<p>Recordamos que Marie Rivier costumava tocar um sino para pedir ajuda a Nossa Senhora. Hoje, ao seguirmos juntos Jesus Cristo nas suas pegadas, precisamos da ajuda de Maria, nossa M\u00e3e e Guardi\u00e3. Cada um de n\u00f3s recebeu o pequenino s\u00edmbolo. Uma surpresa muito agrad\u00e1vel!<\/p>\n<p>Enquanto cant\u00e1vamos e agit\u00e1vamos os sininhos, elas produziam um som muito bonito!&nbsp; Todos se sentiram felizes por o terem recebido, como se v\u00ea nos seus rostos! Sentimos uma perten\u00e7a muito profunda e pr\u00f3xima \u00e0 Mulher Ap\u00f3stolo!<\/p>\n<p><a href=\"https:\/\/youtu.be\/fTBfhUW58ms\"><strong>Para ver a cerim\u00f3nia de envio, clique aqui:&nbsp;&nbsp;<\/strong><\/a><\/p>\n<p>Fomos enviadas. Podemos sentir que o 29\u00ba Cap\u00edtulo Geral terminou, mas continuamos a escrever as p\u00e1ginas do novo Cap\u00edtulo da nossa vida como Congrega\u00e7\u00e3o&#8230;&nbsp;<\/p>\n<p style=\"text-align: center;\"><strong><em>O amor de Cristo impele-nos&#8230;&nbsp; &nbsp; &nbsp; &nbsp; &nbsp; &nbsp; &nbsp; &nbsp; &nbsp; &nbsp; &nbsp; &nbsp; &nbsp; &nbsp; &nbsp; &nbsp; &nbsp; &nbsp; &nbsp; &nbsp; &nbsp; &nbsp; &nbsp; &nbsp; &nbsp; &nbsp; &nbsp; &nbsp; &nbsp; &nbsp; &nbsp; &nbsp; &nbsp; &nbsp; &nbsp; &nbsp; &nbsp; &nbsp; &nbsp; &nbsp; &nbsp; &nbsp; &nbsp; &nbsp; &nbsp; &nbsp; &nbsp; &nbsp; &nbsp; &nbsp; &nbsp; &nbsp; &nbsp; &nbsp; &nbsp; &nbsp; &nbsp; &nbsp; &nbsp; &nbsp; &nbsp; &nbsp; &nbsp; &nbsp; &nbsp; &nbsp; &nbsp; &nbsp; &nbsp; &nbsp; &nbsp; &nbsp; &nbsp; &nbsp; &nbsp; &nbsp; &nbsp; &nbsp; &nbsp; &nbsp;avancemos nos passos de Santa Maria Rivier!<\/em><\/strong>&nbsp; &nbsp; &nbsp; &nbsp; &nbsp; &nbsp; &nbsp; &nbsp; &nbsp; &nbsp; &nbsp; &nbsp; &nbsp; &nbsp; &nbsp; &nbsp; &nbsp; &nbsp; &nbsp; &nbsp; &nbsp; &nbsp; &nbsp; &nbsp; &nbsp; &nbsp; &nbsp; &nbsp; &nbsp; &nbsp; &nbsp; &nbsp; &nbsp; &nbsp; &nbsp; &nbsp; &nbsp; &nbsp; &nbsp; &nbsp; &nbsp; &nbsp; &nbsp; &nbsp; &nbsp; &nbsp; Para onde o Esp\u00edrito nos conduzir\u2026.<\/p>\n<p>ngg_shortcode_0_placeholderNemi, 11.09.2023<\/p>\n","protected":false},"excerpt":{"rendered":"<p>A cerim\u00f3nia de envio foi marcada para as 11h00. \u00c0s 9h15 chegaram as equipas de livestreaming e come\u00e7aram a preparar o seu equipamento.&nbsp; Os movimentos no interior da capela indicavam a festa que se aproximava! Pouco a pouco as irm\u00e3s foram chegando. No momento previsto, a celebra\u00e7\u00e3o come\u00e7ou! A Mensagem final do Cap\u00edtulo Geral foi [&hellip;]<\/p>\n","protected":false},"author":6,"featured_media":33166,"comment_status":"closed","ping_status":"closed","sticky":false,"template":"","format":"standard","meta":{"ngg_post_thumbnail":0,"footnotes":""},"categories":[3293],"tags":[],"lang":"pt","translations":{"pt":33492},"pll_sync_post":[],"_links":{"self":[{"href":"https:\/\/soeurs-de-la-presentation-de-marie.org\/pom\/wp-json\/wp\/v2\/posts\/33492"}],"collection":[{"href":"https:\/\/soeurs-de-la-presentation-de-marie.org\/pom\/wp-json\/wp\/v2\/posts"}],"about":[{"href":"https:\/\/soeurs-de-la-presentation-de-marie.org\/pom\/wp-json\/wp\/v2\/types\/post"}],"author":[{"embeddable":true,"href":"https:\/\/soeurs-de-la-presentation-de-marie.org\/pom\/wp-json\/wp\/v2\/users\/6"}],"replies":[{"embeddable":true,"href":"https:\/\/soeurs-de-la-presentation-de-marie.org\/pom\/wp-json\/wp\/v2\/comments?post=33492"}],"version-history":[{"count":2,"href":"https:\/\/soeurs-de-la-presentation-de-marie.org\/pom\/wp-json\/wp\/v2\/posts\/33492\/revisions"}],"predecessor-version":[{"id":33494,"href":"https:\/\/soeurs-de-la-presentation-de-marie.org\/pom\/wp-json\/wp\/v2\/posts\/33492\/revisions\/33494"}],"wp:featuredmedia":[{"embeddable":true,"href":"https:\/\/soeurs-de-la-presentation-de-marie.org\/pom\/wp-json\/wp\/v2\/media\/33166"}],"wp:attachment":[{"href":"https:\/\/soeurs-de-la-presentation-de-marie.org\/pom\/wp-json\/wp\/v2\/media?parent=33492"}],"wp:term":[{"taxonomy":"category","embeddable":true,"href":"https:\/\/soeurs-de-la-presentation-de-marie.org\/pom\/wp-json\/wp\/v2\/categories?post=33492"},{"taxonomy":"post_tag","embeddable":true,"href":"https:\/\/soeurs-de-la-presentation-de-marie.org\/pom\/wp-json\/wp\/v2\/tags?post=33492"}],"curies":[{"name":"wp","href":"https:\/\/api.w.org\/{rel}","templated":true}]}}