{"id":37381,"date":"2026-04-29T20:46:05","date_gmt":"2026-04-29T18:46:05","guid":{"rendered":"https:\/\/soeurs-de-la-presentation-de-marie.org\/pom\/?p=37381"},"modified":"2026-04-29T20:53:14","modified_gmt":"2026-04-29T18:53:14","slug":"formation-sur-la-politique-de-sauvegarde-senegal-burkina-faso","status":"publish","type":"post","link":"https:\/\/soeurs-de-la-presentation-de-marie.org\/pom\/formation-sur-la-politique-de-sauvegarde-senegal-burkina-faso\/","title":{"rendered":"FORMATION SUR LA POLITIQUE DE SAUVEGARDE &#8211; S\u00e9n\u00e9gal\u2013Burkina Faso"},"content":{"rendered":"<p>Notre Province du S\u00e9n\u00e9gal\u2013Burkina Faso a re\u00e7u du 24 au 26 avril l\u2019\u00e9quipe itin\u00e9rante de formation sur la politique de sauvegarde de notre congr\u00e9gation, venue de castel. Cette rencontre, marqu\u00e9e par un esprit de fraternit\u00e9 et d\u2019ouverture internationale, a rassembl\u00e9 directrices d\u2019\u0153uvres, s\u0153urs et collaborateurs engag\u00e9s dans les diff\u00e9rentes missions \u00e9ducatives et pastorales de la Province autour d\u2019un objectif commun : construire des environnements s\u00fbrs et respectueux de la dignit\u00e9 de chacun.<\/p>\n<p>\u00c0 la lumi\u00e8re de l\u2019\u00c9vangile du Bon Samaritain, les participants ont \u00e9t\u00e9 invit\u00e9s \u00e0 relire leurs pratiques et \u00e0 reconna\u00eetre les attitudes contraires \u00e0 la dignit\u00e9 humaine : violences physiques ou verbales, n\u00e9gligences, abus de pouvoir. Cette prise de conscience a permis de mettre en \u00e9vidence la n\u00e9cessit\u00e9 de promouvoir des relations fond\u00e9es sur le respect, l\u2019\u00e9coute et la bienveillance.<\/p>\n<p>La formation a \u00e9galement soulev\u00e9 un d\u00e9fi important : dans nos contextes culturels africains, certaines pratiques punitives, restent courantes. La politique de sauvegarde invite ainsi \u00e0 un changement de mentalit\u00e9 et \u00e0 l\u2019adoption de m\u00e9thodes \u00e9ducatives respectueuses et adapt\u00e9es.<\/p>\n<p>Au-del\u00e0 des r\u00e8gles, la sauvegarde a \u00e9t\u00e9 pr\u00e9sent\u00e9e comme une v\u00e9ritable mani\u00e8re d\u2019\u00eatre, enracin\u00e9e dans la compassion. Elle se vit au quotidien, dans les paroles, les gestes et les relations.<\/p>\n<p>Les participants repartent avec une conviction forte : d\u00e9sormais inform\u00e9s, ils sont appel\u00e9s \u00e0 devenir des acteurs engag\u00e9s de cette culture de protection, dans leurs communaut\u00e9s et leurs milieux de mission.<br \/>\n<img loading=\"lazy\" decoding=\"async\" src=\"https:\/\/soeurs-de-la-presentation-de-marie.org\/pom\/wp-content\/uploads\/2026\/04\/WhatsApp-Image-2026-04-29-at-16.35.49-1-750x510.jpeg\" alt=\"\" width=\"750\" height=\"510\" class=\"alignleft size-medium wp-image-37392\" \/><\/p>\n<p><img loading=\"lazy\" decoding=\"async\" src=\"https:\/\/soeurs-de-la-presentation-de-marie.org\/pom\/wp-content\/uploads\/2026\/04\/IMG_0501-750x510.jpg\" alt=\"\" width=\"750\" height=\"510\" class=\"alignleft size-medium wp-image-37396\" \/><\/p>\n<p><img loading=\"lazy\" decoding=\"async\" src=\"https:\/\/soeurs-de-la-presentation-de-marie.org\/pom\/wp-content\/uploads\/2026\/04\/IMG_0502-1-750x510.jpg\" alt=\"\" width=\"750\" height=\"510\" class=\"alignleft size-medium wp-image-37400\" \/><\/p>\n<p><img loading=\"lazy\" decoding=\"async\" src=\"https:\/\/soeurs-de-la-presentation-de-marie.org\/pom\/wp-content\/uploads\/2026\/04\/IMG_0500-750x510.jpg\" alt=\"\" width=\"750\" height=\"510\" class=\"alignleft size-medium wp-image-37404\" \/><\/p>\n<p><img loading=\"lazy\" decoding=\"async\" src=\"https:\/\/soeurs-de-la-presentation-de-marie.org\/pom\/wp-content\/uploads\/2026\/04\/IMG_0488-2-750x510.jpg\" alt=\"\" width=\"750\" height=\"510\" class=\"alignleft size-medium wp-image-37408\" \/><\/p>\n<p><img loading=\"lazy\" decoding=\"async\" src=\"https:\/\/soeurs-de-la-presentation-de-marie.org\/pom\/wp-content\/uploads\/2026\/04\/IMG_0563-750x510.jpg\" alt=\"\" width=\"750\" height=\"510\" class=\"alignleft size-medium wp-image-37412\" \/><\/p>\n<p><img loading=\"lazy\" decoding=\"async\" src=\"https:\/\/soeurs-de-la-presentation-de-marie.org\/pom\/wp-content\/uploads\/2026\/04\/IMG_0496-750x510.jpg\" alt=\"\" width=\"750\" height=\"510\" class=\"alignleft size-medium wp-image-37433\" \/><\/p>\n","protected":false},"excerpt":{"rendered":"<p>Notre Province du S\u00e9n\u00e9gal\u2013Burkina Faso a re\u00e7u du 24 au 26 avril l\u2019\u00e9quipe itin\u00e9rante de formation sur la politique de sauvegarde de notre congr\u00e9gation, venue de castel. Cette rencontre, marqu\u00e9e par un esprit de fraternit\u00e9 et d\u2019ouverture internationale, a rassembl\u00e9 directrices d\u2019\u0153uvres, s\u0153urs et collaborateurs engag\u00e9s dans les diff\u00e9rentes missions \u00e9ducatives et pastorales de la [&hellip;]<\/p>\n","protected":false},"author":9,"featured_media":37416,"comment_status":"closed","ping_status":"closed","sticky":false,"template":"","format":"standard","meta":{"ngg_post_thumbnail":0,"footnotes":""},"categories":[91],"tags":[],"lang":"en","translations":{"en":37381,"fr":37422,"pt":37426,"es":37428},"pll_sync_post":[],"_links":{"self":[{"href":"https:\/\/soeurs-de-la-presentation-de-marie.org\/pom\/wp-json\/wp\/v2\/posts\/37381"}],"collection":[{"href":"https:\/\/soeurs-de-la-presentation-de-marie.org\/pom\/wp-json\/wp\/v2\/posts"}],"about":[{"href":"https:\/\/soeurs-de-la-presentation-de-marie.org\/pom\/wp-json\/wp\/v2\/types\/post"}],"author":[{"embeddable":true,"href":"https:\/\/soeurs-de-la-presentation-de-marie.org\/pom\/wp-json\/wp\/v2\/users\/9"}],"replies":[{"embeddable":true,"href":"https:\/\/soeurs-de-la-presentation-de-marie.org\/pom\/wp-json\/wp\/v2\/comments?post=37381"}],"version-history":[{"count":3,"href":"https:\/\/soeurs-de-la-presentation-de-marie.org\/pom\/wp-json\/wp\/v2\/posts\/37381\/revisions"}],"predecessor-version":[{"id":37437,"href":"https:\/\/soeurs-de-la-presentation-de-marie.org\/pom\/wp-json\/wp\/v2\/posts\/37381\/revisions\/37437"}],"wp:featuredmedia":[{"embeddable":true,"href":"https:\/\/soeurs-de-la-presentation-de-marie.org\/pom\/wp-json\/wp\/v2\/media\/37416"}],"wp:attachment":[{"href":"https:\/\/soeurs-de-la-presentation-de-marie.org\/pom\/wp-json\/wp\/v2\/media?parent=37381"}],"wp:term":[{"taxonomy":"category","embeddable":true,"href":"https:\/\/soeurs-de-la-presentation-de-marie.org\/pom\/wp-json\/wp\/v2\/categories?post=37381"},{"taxonomy":"post_tag","embeddable":true,"href":"https:\/\/soeurs-de-la-presentation-de-marie.org\/pom\/wp-json\/wp\/v2\/tags?post=37381"}],"curies":[{"name":"wp","href":"https:\/\/api.w.org\/{rel}","templated":true}]}}