{"id":5918,"date":"2019-03-04T17:44:53","date_gmt":"2019-03-04T16:44:53","guid":{"rendered":"http:\/\/soeurs-de-la-presentation-de-marie.org\/pom\/?p=5918"},"modified":"2019-03-04T18:19:14","modified_gmt":"2019-03-04T17:19:14","slug":"province-du-quebec-jubile","status":"publish","type":"post","link":"https:\/\/soeurs-de-la-presentation-de-marie.org\/pom\/province-du-quebec-jubile\/","title":{"rendered":"Province du Qu\u00e9bec"},"content":{"rendered":"<h3>&nbsp;<\/h3>\n<h3 style=\"text-align: center;\">UN GRAND JOUR DE F\u00caTE, \u00c0 SAINT-HYACINTHE<\/h3>\n<p>Le dimanche 3 f\u00e9vrier dernier, la grande communaut\u00e9 de la province du Qu\u00e9bec s\u2019est rassembl\u00e9e, dans la joie et l\u2019action de gr\u00e2ce, pour souligner l\u2019engagement de vie consacr\u00e9e de dix-neuf s\u0153urs qui ont march\u00e9 \u00e0 la suite de J\u00e9sus, selon le charisme de Marie Rivier. Quatre-vingts, soixante-dix, soixante, cinquante ans d\u2019amour, de g\u00e9n\u00e9rosit\u00e9 et de service, il y a tellement de gr\u00e2ces et de b\u00e9n\u00e9dictions \u00e0 c\u00e9l\u00e9brer !<\/p>\n<p>Pour ce jour de f\u00eate, la magnifique maison s\u2019est faite encore plus belle, d\u00e9cor\u00e9e avec finesse et simplicit\u00e9, envelopp\u00e9e de lumi\u00e8re, exhalant un touchant courant d\u2019amour fraternel. Au c\u0153ur de cette journ\u00e9e, la c\u00e9l\u00e9bration eucharistique, soutenue par les chants d\u2019Andr\u00e9 Gouzes, a cr\u00e9\u00e9 une atmosph\u00e8re de ferveur renouvel\u00e9e. Apr\u00e8s les agapes fraternelles, madame Isabeau Martineau, artiste renomm\u00e9e, a offert \u00e0 la communaut\u00e9 un captivant concert de harpe, cette sublime musique qui a su toucher tous les c\u0153urs.<\/p>\n<p>Au soir de cette journ\u00e9e, c\u2019est encore l\u2019action de gr\u00e2ce et l\u2019esp\u00e9rance qui nous habitent !<\/p>\n<p>&nbsp;<\/p>\n<p>Denise Normandeau, p.m.<\/p>\nngg_shortcode_0_placeholder\nngg_shortcode_1_placeholder\n","protected":false},"excerpt":{"rendered":"<p>&nbsp; UN GRAND JOUR DE F\u00caTE, \u00c0 SAINT-HYACINTHE Le dimanche 3 f\u00e9vrier dernier, la grande communaut\u00e9 de la province du Qu\u00e9bec s\u2019est rassembl\u00e9e, dans la joie et l\u2019action de gr\u00e2ce, pour souligner l\u2019engagement de vie consacr\u00e9e de dix-neuf s\u0153urs qui ont march\u00e9 \u00e0 la suite de J\u00e9sus, selon le charisme de Marie Rivier. Quatre-vingts, soixante-dix, [&hellip;]<\/p>\n","protected":false},"author":6,"featured_media":5986,"comment_status":"closed","ping_status":"closed","sticky":false,"template":"","format":"standard","meta":{"ngg_post_thumbnail":0,"footnotes":""},"categories":[349],"tags":[],"lang":"fr","translations":{"fr":5918},"pll_sync_post":[],"_links":{"self":[{"href":"https:\/\/soeurs-de-la-presentation-de-marie.org\/pom\/wp-json\/wp\/v2\/posts\/5918"}],"collection":[{"href":"https:\/\/soeurs-de-la-presentation-de-marie.org\/pom\/wp-json\/wp\/v2\/posts"}],"about":[{"href":"https:\/\/soeurs-de-la-presentation-de-marie.org\/pom\/wp-json\/wp\/v2\/types\/post"}],"author":[{"embeddable":true,"href":"https:\/\/soeurs-de-la-presentation-de-marie.org\/pom\/wp-json\/wp\/v2\/users\/6"}],"replies":[{"embeddable":true,"href":"https:\/\/soeurs-de-la-presentation-de-marie.org\/pom\/wp-json\/wp\/v2\/comments?post=5918"}],"version-history":[{"count":7,"href":"https:\/\/soeurs-de-la-presentation-de-marie.org\/pom\/wp-json\/wp\/v2\/posts\/5918\/revisions"}],"predecessor-version":[{"id":6003,"href":"https:\/\/soeurs-de-la-presentation-de-marie.org\/pom\/wp-json\/wp\/v2\/posts\/5918\/revisions\/6003"}],"wp:featuredmedia":[{"embeddable":true,"href":"https:\/\/soeurs-de-la-presentation-de-marie.org\/pom\/wp-json\/wp\/v2\/media\/5986"}],"wp:attachment":[{"href":"https:\/\/soeurs-de-la-presentation-de-marie.org\/pom\/wp-json\/wp\/v2\/media?parent=5918"}],"wp:term":[{"taxonomy":"category","embeddable":true,"href":"https:\/\/soeurs-de-la-presentation-de-marie.org\/pom\/wp-json\/wp\/v2\/categories?post=5918"},{"taxonomy":"post_tag","embeddable":true,"href":"https:\/\/soeurs-de-la-presentation-de-marie.org\/pom\/wp-json\/wp\/v2\/tags?post=5918"}],"curies":[{"name":"wp","href":"https:\/\/api.w.org\/{rel}","templated":true}]}}