{"id":6382,"date":"2019-03-05T21:02:52","date_gmt":"2019-03-05T20:02:52","guid":{"rendered":"http:\/\/soeurs-de-la-presentation-de-marie.org\/pom\/?p=6382"},"modified":"2021-01-08T15:48:01","modified_gmt":"2021-01-08T14:48:01","slug":"cause-de-la-canonisation-de-la-bienheureuse-marie-rivier","status":"publish","type":"post","link":"https:\/\/soeurs-de-la-presentation-de-marie.org\/pom\/cause-de-la-canonisation-de-la-bienheureuse-marie-rivier\/","title":{"rendered":"CAUSE DE LA CANONISATION DE LA BIENHEUREUSE MARIE RIVIER"},"content":{"rendered":"<h3>&nbsp;<\/h3>\n<h2 style=\"text-align: center;\"><em><strong><span style=\"color: #008000;\">Avan\u00e7ons dans L\u2019ESP\u00c9RANCE \u2026 &nbsp;<\/span> &nbsp; &nbsp; &nbsp; <\/strong><\/em><\/h2>\n<p style=\"text-align: left;\"><span style=\"color: #008000;\">Le 1er ao\u00fbt 2017, la Congr\u00e9gation pour les Causes des Saints a officiellement accept\u00e9 la nomination du Dr Waldery Hilgeman, JUD, comme Postulateur pour le processus de canonisation de la Bienheureuse Marie Rivier. La nomination a \u00e9t\u00e9 faite par notre Sup\u00e9rieure g\u00e9n\u00e9rale, M\u00e8re Ang\u00e8le Dion. &nbsp; &nbsp; &nbsp; &nbsp; &nbsp; &nbsp; &nbsp; &nbsp; &nbsp; &nbsp; &nbsp; &nbsp; &nbsp; &nbsp; &nbsp; &nbsp; &nbsp; &nbsp; &nbsp; &nbsp; &nbsp; &nbsp; &nbsp; &nbsp; &nbsp; &nbsp;<\/span><\/p>\n<p><span style=\"color: #008000;\">Sous la direction du postulateur et en collaboration avec les s\u0153urs de la Province des Philippines, un Tribunal dioc\u00e9sain a \u00e9t\u00e9 organis\u00e9 dans le dioc\u00e8se de Tagbilaran o\u00f9 la gu\u00e9rison avait eu lieu. Le Tribunal a \u00e9t\u00e9 charg\u00e9 de mener l\u2019enqu\u00eate dioc\u00e9saine, qui constitue la phase initiale du processus.<\/span><\/p>\n<p>ngg_shortcode_0_placeholderngg_shortcode_1_placeholder<\/p>\n<p style=\"text-align: center;\">&nbsp; &nbsp; <span style=\"color: #008000;\">Ouverture de l\u2019enqu\u00eate dioc\u00e9saine : 19 novembre 2018<\/span><br \/>\n<span style=\"color: #008000;\">Cl\u00f4ture de l\u2019enqu\u00eate&nbsp;dioc\u00e9saine : 1er d\u00e9cembre 2018<\/span><\/p>\n<p>ngg_shortcode_2_placeholder<span style=\"color: #008000;\">A cette date, l\u2019enqu\u00eate dioc\u00e9saine a \u00e9t\u00e9 d\u00e9finitivement close, les actes ont \u00e9t\u00e9 envelopp\u00e9s et s\u00e9curis\u00e9s. Dr Emanuele Spedicato vice-postulateur\/traducteur, a \u00e9t\u00e9 d\u00e9sign\u00e9 comme porteur officiel des documents \u00e0 la Congr\u00e9gation pour les Causes des Saints \u00e0 Rome. Les documents ont \u00e9t\u00e9 d\u00e9pos\u00e9s le 3 d\u00e9cembre 2018. &nbsp; &nbsp; &nbsp; &nbsp; &nbsp; &nbsp;<\/span><\/p>\n<p><span style=\"color: #008000;\">Nous remercions toutes les S\u0153urs et toute la famille de la Pr\u00e9sentation de Marie qui nous ont accompagn\u00e9s de leurs pri\u00e8res tout au long de cette enqu\u00eate dioc\u00e9saine. Ces journ\u00e9es ont \u00e9t\u00e9 v\u00e9cues avec beaucoup d\u2019\u00e9motions, surtout celle de la JOIE ! Le travail quotidien, avec les membres du Tribunal dioc\u00e9sain, a \u00e9t\u00e9 une exp\u00e9rience tr\u00e8s enrichissante pour nous, la famille de Marie Rivier. La simplicit\u00e9, la chaleur humaine et la joie d\u00e9crivent les relations fraternelles que nous avons v\u00e9cues ensemble. \u00c0 travers le processus quotidien de l\u2019enqu\u00eate dioc\u00e9saine, nous avons v\u00e9cu le sentiment de \u201ccommencer \u00e0 r\u00e9aliser\u201d le d\u00e9sir et l\u2019esp\u00e9rance de nos c\u0153urs. Nous avons fait l\u2019exp\u00e9rience de l\u2019unit\u00e9 qui s\u2019est cr\u00e9\u00e9e entre nous parce que nous \u00e9tions r\u00e9unis pour un seul but : que l\u2019\u00c9glise confirme la saintet\u00e9 de la bienheureuse Marie Rivier et la proclame Sainte ! La pr\u00e9sence de M\u00e8re Rivier nous a accompagn\u00e9s tout au long de cette exp\u00e9rience. Ce fut un p\u00e8lerinage de foi dans l\u2019amour fid\u00e8le de Dieu, de croissance dans l\u2019esp\u00e9rance, une esp\u00e9rance enracin\u00e9e dans un amour plus profond !<\/span><\/p>\n<p>ngg_shortcode_3_placeholder<span style=\"color: #008000;\">Le 4 f\u00e9vrier 2019, apr\u00e8s la f\u00eate de l\u2019entr\u00e9e au ciel de Marie Rivier, Dr Waldery Hilgeman, M\u00e8re Maria dos Anjos Alves, son Conseil et S. Genevi\u00e8ve Couriaud, ont assist\u00e9 \u00e0 l\u2019ouverture des documents \u00e0 la Congr\u00e9gation pour les Causes des Saints. Le P. Turek Boguslaw a pris le temps d\u2019expliquer \u00e0 M\u00e8re Maria dos Anjos et&nbsp; &nbsp;compagnions la phase romaine, qui est la derni\u00e8re \u00e9tape du processus.<\/span><\/p>\nngg_shortcode_4_placeholder\n<p style=\"text-align: left;\"><span style=\"color: #008000;\">Dans l\u2019attente du r\u00e9sultat de cette derni\u00e8re \u00e9tape, nous sommes tous appel\u00e9s \u00e0 prier et \u00e0 accompagner de nos pri\u00e8res tous ceux qui seront engag\u00e9s dans la Cause de la Bienheureuse Marie Rivier. Avan\u00e7ons dans l\u2019esp\u00e9rance d\u2019une conclusion joyeuse de ce processus. Cette esp\u00e9rance nous pousse \u00e0 prier avec beaucoup de foi et d\u2019amour : <em>Que la tr\u00e8s sainte et adorable volont\u00e9 de Dieu soit faite en toutes choses, qu\u2019elle soit lou\u00e9e et \u00e0 jamais glorifi\u00e9e. Amen !<\/em><\/span><\/p>\n<p style=\"text-align: center;\"><span style=\"color: #008000;\">Tout pour Dieu ! Tout par le Saint Amour !<\/span><\/p>\n<p>&nbsp;<\/p>\n<p style=\"text-align: left;\"><span style=\"color: #008000;\">Sr. Charito B. Gorgonio, pm<\/span><\/p>\n","protected":false},"excerpt":{"rendered":"<p>&nbsp; Avan\u00e7ons dans L\u2019ESP\u00c9RANCE \u2026 &nbsp; &nbsp; &nbsp; &nbsp; Le 1er ao\u00fbt 2017, la Congr\u00e9gation pour les Causes des Saints a officiellement accept\u00e9 la nomination du Dr Waldery Hilgeman, JUD, comme Postulateur pour le processus de canonisation de la Bienheureuse Marie Rivier. La nomination a \u00e9t\u00e9 faite par notre Sup\u00e9rieure g\u00e9n\u00e9rale, M\u00e8re Ang\u00e8le Dion. &nbsp; [&hellip;]<\/p>\n","protected":false},"author":6,"featured_media":6393,"comment_status":"closed","ping_status":"closed","sticky":false,"template":"","format":"standard","meta":{"ngg_post_thumbnail":0,"footnotes":""},"categories":[81],"tags":[],"lang":"fr","translations":{"fr":6382,"en":7811},"pll_sync_post":[],"_links":{"self":[{"href":"https:\/\/soeurs-de-la-presentation-de-marie.org\/pom\/wp-json\/wp\/v2\/posts\/6382"}],"collection":[{"href":"https:\/\/soeurs-de-la-presentation-de-marie.org\/pom\/wp-json\/wp\/v2\/posts"}],"about":[{"href":"https:\/\/soeurs-de-la-presentation-de-marie.org\/pom\/wp-json\/wp\/v2\/types\/post"}],"author":[{"embeddable":true,"href":"https:\/\/soeurs-de-la-presentation-de-marie.org\/pom\/wp-json\/wp\/v2\/users\/6"}],"replies":[{"embeddable":true,"href":"https:\/\/soeurs-de-la-presentation-de-marie.org\/pom\/wp-json\/wp\/v2\/comments?post=6382"}],"version-history":[{"count":10,"href":"https:\/\/soeurs-de-la-presentation-de-marie.org\/pom\/wp-json\/wp\/v2\/posts\/6382\/revisions"}],"predecessor-version":[{"id":18925,"href":"https:\/\/soeurs-de-la-presentation-de-marie.org\/pom\/wp-json\/wp\/v2\/posts\/6382\/revisions\/18925"}],"wp:featuredmedia":[{"embeddable":true,"href":"https:\/\/soeurs-de-la-presentation-de-marie.org\/pom\/wp-json\/wp\/v2\/media\/6393"}],"wp:attachment":[{"href":"https:\/\/soeurs-de-la-presentation-de-marie.org\/pom\/wp-json\/wp\/v2\/media?parent=6382"}],"wp:term":[{"taxonomy":"category","embeddable":true,"href":"https:\/\/soeurs-de-la-presentation-de-marie.org\/pom\/wp-json\/wp\/v2\/categories?post=6382"},{"taxonomy":"post_tag","embeddable":true,"href":"https:\/\/soeurs-de-la-presentation-de-marie.org\/pom\/wp-json\/wp\/v2\/tags?post=6382"}],"curies":[{"name":"wp","href":"https:\/\/api.w.org\/{rel}","templated":true}]}}